{"@context":{"dc":"http:\/\/purl.org\/dc\/elements\/1.1\/","skos":"http:\/\/www.w3.org\/2004\/02\/skos\/core#","skos:broader":{"@type":"@id"},"skos:inScheme":{"@type":"@id"},"skos:related":{"@type":"@id"},"skos:narrower":{"@type":"@id"},"skos:hasTopConcept":{"@type":"@id"},"skos:topConceptOf":{"@type":"@id"}},"@id":"https:\/\/adm.senado.leg.br\/vcb\/vocab\/skos\/12624","@type":"skos:Concept","skos:prefLabel":{"@language":"pt-BR","@value=":"\u00cdndice de desenvolvimento humano (IDH)"},"skos:inScheme":"https:\/\/adm.senado.leg.br\/vcb\/vocab\/","dct:created":"2020-09-18 17:44:39","skos:definition":[{"@lang":"ab","@value":"Indicador calculado anualmente pelo Programa das Na\u00e7\u00f5es Unidas para o Desenvolvimento (Pnud). Composto pelo n\u00edvel de sa\u00fade, n\u00edvel de instru\u00e7\u00e3o e a renda, representada pelo PIB. "},{"@lang":"ab","@value":"\u00cdndice que sintetiza informa\u00e7\u00f5es de renda (PIB per capita), longevidade (expectativa de vida ao nascer) e Educa\u00e7\u00e3o (\u00edndice de analfabetismo e taxa de matr\u00edcula em todos os n\u00edveis de ensino). Estas tr\u00eas dimens\u00f5es t\u00eam a mesma import\u00e2ncia no \u00edndice, que varia de zero a um.$vANU\u00c1RIO Brasileiro da Educa\u00e7\u00e3o B\u00e1sica). S\u00e3o Paulo: Moderna, 2013. "},{"@lang":"ab","@value":"Medida resumida do progresso a longo prazo em tr\u00eas dimens\u00f5es b\u00e1sicas do desenvolvimento humano: renda, educa\u00e7\u00e3o e sa\u00fade. O objetivo da cria\u00e7\u00e3o do IDH foi o de oferecer um contraponto a outro indicador muito utilizado, o Produto Interno Bruto (PIB) per capita, que considera apenas a dimens\u00e3o econ\u00f4mica do desenvolvimento.$vONU. Programa das Na\u00e7\u00f5es Unidas para o Desenvolvimento. Desenvolvimento humano e IDH. "}],"skos:broader":["https:\/\/adm.senado.leg.br\/vcb\/vocab\/skos\/16170"],"skos:altLabel":[{"language":"pt-BR","value":"DHI"},{"language":"pt-BR","value":"IDH"}],"skos:related":["https:\/\/adm.senado.leg.br\/vcb\/vocab\/skos\/1951","https:\/\/adm.senado.leg.br\/vcb\/vocab\/skos\/6185","https:\/\/adm.senado.leg.br\/vcb\/vocab\/skos\/3686"]}