{"@context":{"dc":"http:\/\/purl.org\/dc\/elements\/1.1\/","skos":"http:\/\/www.w3.org\/2004\/02\/skos\/core#","skos:broader":{"@type":"@id"},"skos:inScheme":{"@type":"@id"},"skos:related":{"@type":"@id"},"skos:narrower":{"@type":"@id"},"skos:hasTopConcept":{"@type":"@id"},"skos:topConceptOf":{"@type":"@id"}},"@id":"https:\/\/adm.senado.leg.br\/vcb\/vocab\/skos\/1264","@type":"skos:Concept","skos:prefLabel":{"@language":"pt-BR","@value=":"Munic\u00edpio"},"skos:inScheme":"https:\/\/adm.senado.leg.br\/vcb\/vocab\/","dct:created":"2020-09-18 17:43:00","skos:definition":[{"@lang":"ab","@value":"Pessoa jur\u00eddica de direito p\u00fablico interno de Administra\u00e7\u00e3o direta dotada, constitucionalmente, de autonomia pol\u00edtico administrativa, com capacidade de ter governo pr\u00f3prio e de legislar no \u00e2mbito de sua compet\u00eancia, para a consecu\u00e7\u00e3o de seus interesses peculiares e realiza\u00e7\u00e3o de suas finalidades locais.$vDINIZ, Maria Helena. Dicion\u00e1rio Jur\u00eddico. 3\u00aa ed. S\u00e3o Paulo, Editora Saraiva, 2008 "}],"skos:editorialNote":[{"@lang":"ab","@value":"341.2553 "}],"skos:narrower":["https:\/\/adm.senado.leg.br\/vcb\/vocab\/skos\/12059"],"skos:broader":["https:\/\/adm.senado.leg.br\/vcb\/vocab\/skos\/1253","https:\/\/adm.senado.leg.br\/vcb\/vocab\/skos\/12063","https:\/\/adm.senado.leg.br\/vcb\/vocab\/skos\/4336"],"skos:related":["https:\/\/adm.senado.leg.br\/vcb\/vocab\/skos\/1217","https:\/\/adm.senado.leg.br\/vcb\/vocab\/skos\/8179","https:\/\/adm.senado.leg.br\/vcb\/vocab\/skos\/12062","https:\/\/adm.senado.leg.br\/vcb\/vocab\/skos\/8644","https:\/\/adm.senado.leg.br\/vcb\/vocab\/skos\/3803","https:\/\/adm.senado.leg.br\/vcb\/vocab\/skos\/10829","https:\/\/adm.senado.leg.br\/vcb\/vocab\/skos\/21368","https:\/\/adm.senado.leg.br\/vcb\/vocab\/skos\/1267","https:\/\/adm.senado.leg.br\/vcb\/vocab\/skos\/1268","https:\/\/adm.senado.leg.br\/vcb\/vocab\/skos\/25188","https:\/\/adm.senado.leg.br\/vcb\/vocab\/skos\/1222"]}