{"@context":{"dc":"http:\/\/purl.org\/dc\/elements\/1.1\/","skos":"http:\/\/www.w3.org\/2004\/02\/skos\/core#","skos:broader":{"@type":"@id"},"skos:inScheme":{"@type":"@id"},"skos:related":{"@type":"@id"},"skos:narrower":{"@type":"@id"},"skos:hasTopConcept":{"@type":"@id"},"skos:topConceptOf":{"@type":"@id"}},"@id":"https:\/\/adm.senado.leg.br\/vcb\/vocab\/skos\/12641","@type":"skos:Concept","skos:prefLabel":{"@language":"pt-BR","@value=":"Ensino t\u00e9cnico"},"skos:inScheme":"https:\/\/adm.senado.leg.br\/vcb\/vocab\/","dct:created":"2020-09-18 17:44:39","skos:definition":[{"@lang":"ab","@value":"Ensino destinado ao preparo de profissionais em n\u00edvel m\u00e9dio ou superior de curta dura\u00e7\u00e3o. Inclui educa\u00e7\u00e3o geral, estudos cient\u00edficos e t\u00e9cnico-te\u00f3ricos e a qualifica\u00e7\u00f5es pr\u00e1ticas correspondentes, preparando o indiv\u00edduo para o trabalho produtivo.$vDUARTE, S\u00e9rgio Guerra.Dicion\u00e1rio Brasileiro de Educa\u00e7\u00e3o, Antares, Nobel, Rio de Janeiro, 1986 "}],"skos:broader":["https:\/\/adm.senado.leg.br\/vcb\/vocab\/skos\/1951","https:\/\/adm.senado.leg.br\/vcb\/vocab\/skos\/9999"],"skos:altLabel":[{"language":"pt-BR","value":"Educa\u00e7\u00e3o t\u00e9cnica"}],"skos:related":["https:\/\/adm.senado.leg.br\/vcb\/vocab\/skos\/10217","https:\/\/adm.senado.leg.br\/vcb\/vocab\/skos\/13301","https:\/\/adm.senado.leg.br\/vcb\/vocab\/skos\/13303","https:\/\/adm.senado.leg.br\/vcb\/vocab\/skos\/5426"]}