{"@context":{"dc":"http:\/\/purl.org\/dc\/elements\/1.1\/","skos":"http:\/\/www.w3.org\/2004\/02\/skos\/core#","skos:broader":{"@type":"@id"},"skos:inScheme":{"@type":"@id"},"skos:related":{"@type":"@id"},"skos:narrower":{"@type":"@id"},"skos:hasTopConcept":{"@type":"@id"},"skos:topConceptOf":{"@type":"@id"}},"@id":"https:\/\/adm.senado.leg.br\/vcb\/vocab\/skos\/12643","@type":"skos:Concept","skos:prefLabel":{"@language":"pt-BR","@value=":"Pedagogia cr\u00edtica"},"skos:inScheme":"https:\/\/adm.senado.leg.br\/vcb\/vocab\/","dct:created":"2020-09-18 17:44:39","skos:scopeNote":[{"@lang":"ab","@value":"Usado para obras que tratam de uma introdu\u00e7\u00e3o dial\u00e9tica \u00e0 educa\u00e7\u00e3o, considerando que o conhecimento \u00e9 produzido socialmente, e convocando para a transforma\u00e7\u00e3o das condi\u00e7\u00f5es discriminat\u00f3rias que resultam da legitima\u00e7\u00e3o e distribui\u00e7\u00e3o do conhecimento pela cultura dominante. (BN) "}],"skos:broader":["https:\/\/adm.senado.leg.br\/vcb\/vocab\/skos\/1951","https:\/\/adm.senado.leg.br\/vcb\/vocab\/skos\/12652"],"skos:related":["https:\/\/adm.senado.leg.br\/vcb\/vocab\/skos\/12651"]}