{"@context":{"dc":"http:\/\/purl.org\/dc\/elements\/1.1\/","skos":"http:\/\/www.w3.org\/2004\/02\/skos\/core#","skos:broader":{"@type":"@id"},"skos:inScheme":{"@type":"@id"},"skos:related":{"@type":"@id"},"skos:narrower":{"@type":"@id"},"skos:hasTopConcept":{"@type":"@id"},"skos:topConceptOf":{"@type":"@id"}},"@id":"https:\/\/adm.senado.leg.br\/vcb\/vocab\/skos\/12651","@type":"skos:Concept","skos:prefLabel":{"@language":"pt-BR","@value=":"Educa\u00e7\u00e3o popular"},"skos:inScheme":"https:\/\/adm.senado.leg.br\/vcb\/vocab\/","dct:created":"2020-09-18 17:44:40","skos:definition":[{"@lang":"ab","@value":"A educa\u00e7\u00e3o popular \u00e9 um m\u00e9todo de educa\u00e7\u00e3o que valoriza os saberes pr\u00e9vios do povo e suas realidades culturais na constru\u00e7\u00e3o de novos saberes. Est\u00e1 implicada com o desenvolvimento de um olhar cr\u00edtico, que facilita o desenvolvimento da comunidade que o educando est\u00e1 inserido, pois estimula o di\u00e1logo e participa\u00e7\u00e3o comunit\u00e1ria, possibilitando uma melhor leitura de realidade social, pol\u00edtica e econ\u00f4mica.$vWikipedia "}],"skos:broader":["https:\/\/adm.senado.leg.br\/vcb\/vocab\/skos\/12637","https:\/\/adm.senado.leg.br\/vcb\/vocab\/skos\/12652"],"skos:altLabel":[{"language":"pt-BR","value":"M\u00e9todo educacional Paulo Freire"}],"skos:related":["https:\/\/adm.senado.leg.br\/vcb\/vocab\/skos\/6628","https:\/\/adm.senado.leg.br\/vcb\/vocab\/skos\/12643"]}