{"@context":{"dc":"http:\/\/purl.org\/dc\/elements\/1.1\/","skos":"http:\/\/www.w3.org\/2004\/02\/skos\/core#","skos:broader":{"@type":"@id"},"skos:inScheme":{"@type":"@id"},"skos:related":{"@type":"@id"},"skos:narrower":{"@type":"@id"},"skos:hasTopConcept":{"@type":"@id"},"skos:topConceptOf":{"@type":"@id"}},"@id":"https:\/\/adm.senado.leg.br\/vcb\/vocab\/skos\/12652","@type":"skos:Concept","skos:prefLabel":{"@language":"pt-BR","@value=":"Teoria cr\u00edtica"},"skos:inScheme":"https:\/\/adm.senado.leg.br\/vcb\/vocab\/","dct:created":"2020-09-18 17:44:40","skos:definition":[{"@lang":"ab","@value":"\"A express\u00e3o Teoria Cr\u00edtica nomeia todas as teorias que se pautam pela nega\u00e7\u00e3o da ordem estabelecida, pelo anti-positivismo, pela busca de uma sociedade mais justa e humana. Quando falamos em Teoria Cr\u00edtica nos referimos ao pensamento de um grupo de intelectuais marxistas n\u00e3o ortodoxos, alem\u00e3es, alguns deles filhos de judeus, que, a partir dos anos 1920, desenvolveram pesquisas e interven\u00e7\u00f5es te\u00f3ricas sobre problemas filos\u00f3ficos, econ\u00f4micos, sociais, culturais, est\u00e9ticos gerados pelo capitalismo de sua \u00e9poca e influenciaram, de certo modo, o pensamento ocidental particularmente dos anos 40 aos anos 70 do s\u00e9culo passado.\"$uhttp:\/\/www.unimep.br\/teoriacritica\/index.php?fid=116&amp;ct=2636 "}],"skos:narrower":["https:\/\/adm.senado.leg.br\/vcb\/vocab\/skos\/6628","https:\/\/adm.senado.leg.br\/vcb\/vocab\/skos\/12651","https:\/\/adm.senado.leg.br\/vcb\/vocab\/skos\/12643"],"skos:broader":["https:\/\/adm.senado.leg.br\/vcb\/vocab\/skos\/3384","https:\/\/adm.senado.leg.br\/vcb\/vocab\/skos\/12906","https:\/\/adm.senado.leg.br\/vcb\/vocab\/skos\/6316","https:\/\/adm.senado.leg.br\/vcb\/vocab\/skos\/2713"],"skos:altLabel":[{"language":"pt-BR","value":"Teoria cr\u00edtica (Filosofia)"},{"language":"pt-BR","value":"Teoria cr\u00edtica (Sociologia)"},{"language":"pt-BR","value":"Teoria social cr\u00edtica"}],"skos:related":["https:\/\/adm.senado.leg.br\/vcb\/vocab\/skos\/12431","https:\/\/adm.senado.leg.br\/vcb\/vocab\/skos\/8135"]}