{"@context":{"dc":"http:\/\/purl.org\/dc\/elements\/1.1\/","skos":"http:\/\/www.w3.org\/2004\/02\/skos\/core#","skos:broader":{"@type":"@id"},"skos:inScheme":{"@type":"@id"},"skos:related":{"@type":"@id"},"skos:narrower":{"@type":"@id"},"skos:hasTopConcept":{"@type":"@id"},"skos:topConceptOf":{"@type":"@id"}},"@id":"https:\/\/adm.senado.leg.br\/vcb\/vocab\/skos\/12977","@type":"skos:Concept","skos:prefLabel":{"@language":"pt-BR","@value=":"Empresa individual de responsabilidade limitada (Eireli)"},"skos:inScheme":"https:\/\/adm.senado.leg.br\/vcb\/vocab\/","dct:created":"2020-09-18 17:44:45","skos:definition":[{"@lang":"ab","@value":"Empresa constitu\u00edda por uma \u00fanica pessoa titular da totalidade do capital social, devidamente integralizado, que n\u00e3o ser\u00e1 inferior a 100 (cem) vezes o maior sal\u00e1rio-m\u00ednimo vigente no Pa\u00eds. (Lei n\u00ba 10.406\/2002, art. 980-A) "}],"skos:editorialNote":[{"@lang":"ab","@value":"342.215 "}],"skos:broader":["https:\/\/adm.senado.leg.br\/vcb\/vocab\/skos\/591","https:\/\/adm.senado.leg.br\/vcb\/vocab\/skos\/3767"],"skos:altLabel":[{"language":"pt-BR","value":"EIRELI"}],"skos:related":["https:\/\/adm.senado.leg.br\/vcb\/vocab\/skos\/13048","https:\/\/adm.senado.leg.br\/vcb\/vocab\/skos\/4327","https:\/\/adm.senado.leg.br\/vcb\/vocab\/skos\/24755","https:\/\/adm.senado.leg.br\/vcb\/vocab\/skos\/11771"]}