{"@context":{"dc":"http:\/\/purl.org\/dc\/elements\/1.1\/","skos":"http:\/\/www.w3.org\/2004\/02\/skos\/core#","skos:broader":{"@type":"@id"},"skos:inScheme":{"@type":"@id"},"skos:related":{"@type":"@id"},"skos:narrower":{"@type":"@id"},"skos:hasTopConcept":{"@type":"@id"},"skos:topConceptOf":{"@type":"@id"}},"@id":"https:\/\/adm.senado.leg.br\/vcb\/vocab\/skos\/13048","@type":"skos:Concept","skos:prefLabel":{"@language":"pt-BR","@value=":"Empres\u00e1rio individual"},"skos:inScheme":"https:\/\/adm.senado.leg.br\/vcb\/vocab\/","dct:created":"2020-09-18 17:44:46","skos:definition":[{"@lang":"ab","@value":"O empres\u00e1rio individual (anteriormente chamado de firma individual) \u00e9 aquele que exerce em nome pr\u00f3prio uma atividade empresarial. \u00c9 a pessoa f\u00edsica (natural) titular da empresa. O patrim\u00f4nio da pessoa natural e o do empres\u00e1rio individual s\u00e3o os mesmos, logo o titular responder\u00e1 de forma ilimitada pelas d\u00edvidas.$vPORTAL DO EMPREENDEDOR. Empres\u00e1rio individual "}],"skos:broader":["https:\/\/adm.senado.leg.br\/vcb\/vocab\/skos\/12908"],"skos:altLabel":[{"language":"pt-BR","value":"Firma individual"}],"skos:related":["https:\/\/adm.senado.leg.br\/vcb\/vocab\/skos\/12977","https:\/\/adm.senado.leg.br\/vcb\/vocab\/skos\/20576"]}