{"@context":{"dc":"http:\/\/purl.org\/dc\/elements\/1.1\/","skos":"http:\/\/www.w3.org\/2004\/02\/skos\/core#","skos:broader":{"@type":"@id"},"skos:inScheme":{"@type":"@id"},"skos:related":{"@type":"@id"},"skos:narrower":{"@type":"@id"},"skos:hasTopConcept":{"@type":"@id"},"skos:topConceptOf":{"@type":"@id"}},"@id":"https:\/\/adm.senado.leg.br\/vcb\/vocab\/skos\/1312","@type":"skos:Concept","skos:prefLabel":{"@language":"pt-BR","@value=":"Contrata\u00e7\u00e3o tempor\u00e1ria (servi\u00e7o p\u00fablico)"},"skos:inScheme":"https:\/\/adm.senado.leg.br\/vcb\/vocab\/","dct:created":"2020-09-18 17:43:00","dct:modified":"2026-04-26 18:29:28","skos:definition":[{"@lang":"pt-BR","@value":"O contrato tempor\u00e1rio no servi\u00e7o p\u00fablico\u00a0\u00e9 uma forma de contrata\u00e7\u00e3o por tempo determinado, fundamentada no art. 37, IX da Constitui\u00e7\u00e3o Federal, para atender \u00e0 necessidade excepcional de interesse p\u00fablico. Diferente de cargos efetivos, n\u00e3o oferece estabilidade e \u00e9 regido por processo seletivo simplificado e legisla\u00e7\u00e3o espec\u00edfica, com prazos determinados. "}],"skos:editorialNote":[{"@lang":"pt-BR","@value":"341.3314 "}],"skos:broader":["https:\/\/adm.senado.leg.br\/vcb\/vocab\/skos\/1014"],"skos:related":["https:\/\/adm.senado.leg.br\/vcb\/vocab\/skos\/1307","https:\/\/adm.senado.leg.br\/vcb\/vocab\/skos\/261"]}