{"@context":{"dc":"http:\/\/purl.org\/dc\/elements\/1.1\/","skos":"http:\/\/www.w3.org\/2004\/02\/skos\/core#","skos:broader":{"@type":"@id"},"skos:inScheme":{"@type":"@id"},"skos:related":{"@type":"@id"},"skos:narrower":{"@type":"@id"},"skos:hasTopConcept":{"@type":"@id"},"skos:topConceptOf":{"@type":"@id"}},"@id":"https:\/\/adm.senado.leg.br\/vcb\/vocab\/skos\/13151","@type":"skos:Concept","skos:prefLabel":{"@language":"pt-BR","@value=":"Enfermeiro do trabalho"},"skos:inScheme":"https:\/\/adm.senado.leg.br\/vcb\/vocab\/","dct:created":"2020-09-18 17:44:48","skos:definition":[{"@lang":"ab","@value":"Executa atividades relacionadas com o servi\u00e7o de higiene, medicina e seguran\u00e7a do trabalho, integrando equipes de estudos, para propiciar a preserva\u00e7\u00e3o da sa\u00fade e valoriza\u00e7\u00e3o do trabalhador. "}],"skos:broader":["https:\/\/adm.senado.leg.br\/vcb\/vocab\/skos\/13150"],"skos:related":["https:\/\/adm.senado.leg.br\/vcb\/vocab\/skos\/2222","https:\/\/adm.senado.leg.br\/vcb\/vocab\/skos\/797","https:\/\/adm.senado.leg.br\/vcb\/vocab\/skos\/804"]}