{"@context":{"dc":"http:\/\/purl.org\/dc\/elements\/1.1\/","skos":"http:\/\/www.w3.org\/2004\/02\/skos\/core#","skos:broader":{"@type":"@id"},"skos:inScheme":{"@type":"@id"},"skos:related":{"@type":"@id"},"skos:narrower":{"@type":"@id"},"skos:hasTopConcept":{"@type":"@id"},"skos:topConceptOf":{"@type":"@id"}},"@id":"https:\/\/adm.senado.leg.br\/vcb\/vocab\/skos\/13161","@type":"skos:Concept","skos:prefLabel":{"@language":"pt-BR","@value=":"Viagem interplanet\u00e1ria"},"skos:inScheme":"https:\/\/adm.senado.leg.br\/vcb\/vocab\/","dct:created":"2020-09-18 17:44:48","skos:scopeNote":[{"@lang":"ab","@value":"Usado para obras gerais sobre viagens aos planetas. Obras sobre os detalhes f\u00edsicos e t\u00e9cnicos da locomo\u00e7\u00e3o al\u00e9m da atmosfera terrestre s\u00e3o inseridos em Voo espacial. "}],"skos:broader":["https:\/\/adm.senado.leg.br\/vcb\/vocab\/skos\/1475"],"skos:altLabel":[{"language":"pt-BR","value":"Viagem espacial"},{"language":"pt-BR","value":"Viagens \u00e0 lua"},{"language":"pt-BR","value":"Viagens espaciais"}],"skos:related":["https:\/\/adm.senado.leg.br\/vcb\/vocab\/skos\/1479","https:\/\/adm.senado.leg.br\/vcb\/vocab\/skos\/13626"]}