{"@context":{"dc":"http:\/\/purl.org\/dc\/elements\/1.1\/","skos":"http:\/\/www.w3.org\/2004\/02\/skos\/core#","skos:broader":{"@type":"@id"},"skos:inScheme":{"@type":"@id"},"skos:related":{"@type":"@id"},"skos:narrower":{"@type":"@id"},"skos:hasTopConcept":{"@type":"@id"},"skos:topConceptOf":{"@type":"@id"}},"@id":"https:\/\/adm.senado.leg.br\/vcb\/vocab\/skos\/13302","@type":"skos:Concept","skos:prefLabel":{"@language":"pt-BR","@value=":"Estagi\u00e1rio"},"skos:inScheme":"https:\/\/adm.senado.leg.br\/vcb\/vocab\/","dct:created":"2020-09-18 17:44:50","skos:definition":[{"@lang":"ab","@value":"Designa aqueles que recebem forma\u00e7\u00e3o profissional, administrativa ou t\u00e9cnica com vista a desenvolver as suas qualifica\u00e7\u00f5es profissinais. "}],"skos:broader":["https:\/\/adm.senado.leg.br\/vcb\/vocab\/skos\/2908"],"skos:related":["https:\/\/adm.senado.leg.br\/vcb\/vocab\/skos\/10217","https:\/\/adm.senado.leg.br\/vcb\/vocab\/skos\/12622","https:\/\/adm.senado.leg.br\/vcb\/vocab\/skos\/13759","https:\/\/adm.senado.leg.br\/vcb\/vocab\/skos\/13760","https:\/\/adm.senado.leg.br\/vcb\/vocab\/skos\/13761","https:\/\/adm.senado.leg.br\/vcb\/vocab\/skos\/13762","https:\/\/adm.senado.leg.br\/vcb\/vocab\/skos\/13763","https:\/\/adm.senado.leg.br\/vcb\/vocab\/skos\/13764","https:\/\/adm.senado.leg.br\/vcb\/vocab\/skos\/13765"]}