{"@context":{"dc":"http:\/\/purl.org\/dc\/elements\/1.1\/","skos":"http:\/\/www.w3.org\/2004\/02\/skos\/core#","skos:broader":{"@type":"@id"},"skos:inScheme":{"@type":"@id"},"skos:related":{"@type":"@id"},"skos:narrower":{"@type":"@id"},"skos:hasTopConcept":{"@type":"@id"},"skos:topConceptOf":{"@type":"@id"}},"@id":"https:\/\/adm.senado.leg.br\/vcb\/vocab\/skos\/13346","@type":"skos:Concept","skos:prefLabel":{"@language":"pt-BR","@value=":"Escola privada"},"skos:inScheme":"https:\/\/adm.senado.leg.br\/vcb\/vocab\/","dct:created":"2020-09-18 17:44:51","skos:definition":[{"@lang":"ab","@value":"Institui\u00e7\u00e3o de ensino mantida e administrada por pessoa f\u00edsica ou jur\u00eddica de direito privado. Nota: A Escola privada pode ser particular, comunit\u00e1ria, confessional e filantr\u00f3pica.$vTHESAURUS Brasileiro de Educa\u00e7\u00e3o. "}],"skos:narrower":["https:\/\/adm.senado.leg.br\/vcb\/vocab\/skos\/13342","https:\/\/adm.senado.leg.br\/vcb\/vocab\/skos\/13343","https:\/\/adm.senado.leg.br\/vcb\/vocab\/skos\/13344","https:\/\/adm.senado.leg.br\/vcb\/vocab\/skos\/13288"],"skos:broader":["https:\/\/adm.senado.leg.br\/vcb\/vocab\/skos\/3250"],"skos:altLabel":[{"language":"pt-BR","value":"Institui\u00e7\u00e3o privada de ensino"}]}