{"@context":{"dc":"http:\/\/purl.org\/dc\/elements\/1.1\/","skos":"http:\/\/www.w3.org\/2004\/02\/skos\/core#","skos:broader":{"@type":"@id"},"skos:inScheme":{"@type":"@id"},"skos:related":{"@type":"@id"},"skos:narrower":{"@type":"@id"},"skos:hasTopConcept":{"@type":"@id"},"skos:topConceptOf":{"@type":"@id"}},"@id":"https:\/\/adm.senado.leg.br\/vcb\/vocab\/skos\/134","@type":"skos:Concept","skos:prefLabel":{"@language":"pt-BR","@value=":"Aboli\u00e7\u00e3o da escravid\u00e3o"},"skos:inScheme":"https:\/\/adm.senado.leg.br\/vcb\/vocab\/","dct:created":"2020-09-18 17:42:56","skos:scopeNote":[{"@lang":"ab","@value":"Usar para aboli\u00e7\u00e3o da escravid\u00e3o em diversos pa\u00edses. Ex.: Aboli\u00e7\u00e3o da escravid\u00e3o, Inglaterra, 1833. Para o Brasil, usar o termo mais espec\u00edfico: Aboli\u00e7\u00e3o da escravid\u00e3o (1888), Brasil. "}],"skos:narrower":["https:\/\/adm.senado.leg.br\/vcb\/vocab\/skos\/141"],"skos:broader":["https:\/\/adm.senado.leg.br\/vcb\/vocab\/skos\/140"],"skos:altLabel":[{"language":"pt-BR","value":"Aboli\u00e7\u00e3o da escravatura"}],"skos:related":["https:\/\/adm.senado.leg.br\/vcb\/vocab\/skos\/136","https:\/\/adm.senado.leg.br\/vcb\/vocab\/skos\/137","https:\/\/adm.senado.leg.br\/vcb\/vocab\/skos\/8506","https:\/\/adm.senado.leg.br\/vcb\/vocab\/skos\/138","https:\/\/adm.senado.leg.br\/vcb\/vocab\/skos\/139","https:\/\/adm.senado.leg.br\/vcb\/vocab\/skos\/149","https:\/\/adm.senado.leg.br\/vcb\/vocab\/skos\/13584"]}