{"@context":{"dc":"http:\/\/purl.org\/dc\/elements\/1.1\/","skos":"http:\/\/www.w3.org\/2004\/02\/skos\/core#","skos:broader":{"@type":"@id"},"skos:inScheme":{"@type":"@id"},"skos:related":{"@type":"@id"},"skos:narrower":{"@type":"@id"},"skos:hasTopConcept":{"@type":"@id"},"skos:topConceptOf":{"@type":"@id"}},"@id":"https:\/\/adm.senado.leg.br\/vcb\/vocab\/skos\/13402","@type":"skos:Concept","skos:prefLabel":{"@language":"pt-BR","@value=":"Epistemologia jur\u00eddica"},"skos:inScheme":"https:\/\/adm.senado.leg.br\/vcb\/vocab\/","dct:created":"2020-09-18 17:44:51","skos:definition":[{"@lang":"ab","@value":"Cr\u00edtica da ci\u00eancia do direito, de suas limita\u00e7\u00f5es e erros e de seus m\u00e9todos. "}],"skos:editorialNote":[{"@lang":"ab","@value":"340.12 "}],"skos:broader":["https:\/\/adm.senado.leg.br\/vcb\/vocab\/skos\/4636"],"skos:related":["https:\/\/adm.senado.leg.br\/vcb\/vocab\/skos\/25042"]}