{"@context":{"dc":"http:\/\/purl.org\/dc\/elements\/1.1\/","skos":"http:\/\/www.w3.org\/2004\/02\/skos\/core#","skos:broader":{"@type":"@id"},"skos:inScheme":{"@type":"@id"},"skos:related":{"@type":"@id"},"skos:narrower":{"@type":"@id"},"skos:hasTopConcept":{"@type":"@id"},"skos:topConceptOf":{"@type":"@id"}},"@id":"https:\/\/adm.senado.leg.br\/vcb\/vocab\/skos\/13449","@type":"skos:Concept","skos:prefLabel":{"@language":"pt-BR","@value=":"Sa\u00fade do trabalhador"},"skos:inScheme":"https:\/\/adm.senado.leg.br\/vcb\/vocab\/","dct:created":"2020-09-18 17:44:52","skos:definition":[{"@lang":"ab","@value":"Conjunto de atividades que se destina, atrav\u00e9s das a\u00e7\u00f5es de vigil\u00e2ncia epidemiol\u00f3gica e sanit\u00e1ria, \u00e0 promo\u00e7\u00e3o e prote\u00e7\u00e3o da sa\u00fade dos trabalhadores, assim como visa \u00e0 recupera\u00e7\u00e3o e reabilita\u00e7\u00e3o da sa\u00fade dos trabalhadores, submetidos aos riscos e agravos advindos das condi\u00e7\u00f5es de trabalho.$vBRASIL. Minist\u00e9rio da Sa\u00fade. Gloss\u00e1rio do Minist\u00e9rio da Sa\u00fade. "}],"skos:narrower":["https:\/\/adm.senado.leg.br\/vcb\/vocab\/skos\/802","https:\/\/adm.senado.leg.br\/vcb\/vocab\/skos\/804"],"skos:broader":["https:\/\/adm.senado.leg.br\/vcb\/vocab\/skos\/12261","https:\/\/adm.senado.leg.br\/vcb\/vocab\/skos\/3857"],"skos:altLabel":[{"language":"pt-BR","value":"Sa\u00fade ocupacional"}],"skos:related":["https:\/\/adm.senado.leg.br\/vcb\/vocab\/skos\/29351","https:\/\/adm.senado.leg.br\/vcb\/vocab\/skos\/24147","https:\/\/adm.senado.leg.br\/vcb\/vocab\/skos\/794","https:\/\/adm.senado.leg.br\/vcb\/vocab\/skos\/795","https:\/\/adm.senado.leg.br\/vcb\/vocab\/skos\/29355","https:\/\/adm.senado.leg.br\/vcb\/vocab\/skos\/15754","https:\/\/adm.senado.leg.br\/vcb\/vocab\/skos\/2221","https:\/\/adm.senado.leg.br\/vcb\/vocab\/skos\/2222","https:\/\/adm.senado.leg.br\/vcb\/vocab\/skos\/797","https:\/\/adm.senado.leg.br\/vcb\/vocab\/skos\/1059","https:\/\/adm.senado.leg.br\/vcb\/vocab\/skos\/12242","https:\/\/adm.senado.leg.br\/vcb\/vocab\/skos\/28298","https:\/\/adm.senado.leg.br\/vcb\/vocab\/skos\/2223","https:\/\/adm.senado.leg.br\/vcb\/vocab\/skos\/799","https:\/\/adm.senado.leg.br\/vcb\/vocab\/skos\/2858","https:\/\/adm.senado.leg.br\/vcb\/vocab\/skos\/29352","https:\/\/adm.senado.leg.br\/vcb\/vocab\/skos\/12305","https:\/\/adm.senado.leg.br\/vcb\/vocab\/skos\/1572"]}