{"@context":{"dc":"http:\/\/purl.org\/dc\/elements\/1.1\/","skos":"http:\/\/www.w3.org\/2004\/02\/skos\/core#","skos:broader":{"@type":"@id"},"skos:inScheme":{"@type":"@id"},"skos:related":{"@type":"@id"},"skos:narrower":{"@type":"@id"},"skos:hasTopConcept":{"@type":"@id"},"skos:topConceptOf":{"@type":"@id"}},"@id":"https:\/\/adm.senado.leg.br\/vcb\/vocab\/skos\/13554","@type":"skos:Concept","skos:prefLabel":{"@language":"pt-BR","@value=":"Escola de magistratura"},"skos:inScheme":"https:\/\/adm.senado.leg.br\/vcb\/vocab\/","dct:created":"2020-09-18 17:44:53","skos:definition":[{"@lang":"ab","@value":"Escolas respons\u00e1veis pela forma\u00e7\u00e3o profissional dos ju\u00edzes. Atrav\u00e9s do concurso p\u00fablico \u00e9 feita a sele\u00e7\u00e3o dos ju\u00edzes, que depois de aprovados passam pelas escolas de magistratura para receberem treinamento voltado para a fun\u00e7\u00e3o que exercer\u00e3o. "}],"skos:editorialNote":[{"@lang":"ab","@value":"341.412 "}],"skos:broader":["https:\/\/adm.senado.leg.br\/vcb\/vocab\/skos\/1122"],"skos:related":["https:\/\/adm.senado.leg.br\/vcb\/vocab\/skos\/6205","https:\/\/adm.senado.leg.br\/vcb\/vocab\/skos\/13555"]}