{"@context":{"dc":"http:\/\/purl.org\/dc\/elements\/1.1\/","skos":"http:\/\/www.w3.org\/2004\/02\/skos\/core#","skos:broader":{"@type":"@id"},"skos:inScheme":{"@type":"@id"},"skos:related":{"@type":"@id"},"skos:narrower":{"@type":"@id"},"skos:hasTopConcept":{"@type":"@id"},"skos:topConceptOf":{"@type":"@id"}},"@id":"https:\/\/adm.senado.leg.br\/vcb\/vocab\/skos\/13638","@type":"skos:Concept","skos:prefLabel":{"@language":"pt-BR","@value=":"Exaustividade da indexa\u00e7\u00e3o"},"skos:inScheme":"https:\/\/adm.senado.leg.br\/vcb\/vocab\/","dct:created":"2020-09-18 17:44:54","skos:definition":[{"@lang":"ab","@value":"A m\u00e9dia do n\u00famero de termos atribuidos a cada documento em um sistema de indexa\u00e7\u00e3o$v-ASIST, p. 63. "}],"skos:related":["https:\/\/adm.senado.leg.br\/vcb\/vocab\/skos\/13637","https:\/\/adm.senado.leg.br\/vcb\/vocab\/skos\/2415"]}