{"@context":{"dc":"http:\/\/purl.org\/dc\/elements\/1.1\/","skos":"http:\/\/www.w3.org\/2004\/02\/skos\/core#","skos:broader":{"@type":"@id"},"skos:inScheme":{"@type":"@id"},"skos:related":{"@type":"@id"},"skos:narrower":{"@type":"@id"},"skos:hasTopConcept":{"@type":"@id"},"skos:topConceptOf":{"@type":"@id"}},"@id":"https:\/\/adm.senado.leg.br\/vcb\/vocab\/skos\/13749","@type":"skos:Concept","skos:prefLabel":{"@language":"pt-BR","@value=":"Exerc\u00edcio regular de direito"},"skos:inScheme":"https:\/\/adm.senado.leg.br\/vcb\/vocab\/","dct:created":"2020-09-18 17:44:55","skos:definition":[{"@lang":"ab","@value":"Exerc\u00edcio decorrente do princ\u00edpio constitucional da legalidade, previsto no artigo\u00a05\u00ba, inciso\u00a0II\u00a0da\u00a0Constitui\u00e7\u00e3o Federal: \"ningu\u00e9m ser\u00e1 obrigado a fazer ou deixar de fazer alguma coisa sen\u00e3o em virtude de lei\" "}],"skos:broader":["https:\/\/adm.senado.leg.br\/vcb\/vocab\/skos\/237"],"skos:altLabel":[{"language":"pt-BR","value":"Exerc\u00edcio regular do direito"}],"skos:related":["https:\/\/adm.senado.leg.br\/vcb\/vocab\/skos\/13747","https:\/\/adm.senado.leg.br\/vcb\/vocab\/skos\/13877","https:\/\/adm.senado.leg.br\/vcb\/vocab\/skos\/1673","https:\/\/adm.senado.leg.br\/vcb\/vocab\/skos\/888"]}