{"@context":{"dc":"http:\/\/purl.org\/dc\/elements\/1.1\/","skos":"http:\/\/www.w3.org\/2004\/02\/skos\/core#","skos:broader":{"@type":"@id"},"skos:inScheme":{"@type":"@id"},"skos:related":{"@type":"@id"},"skos:narrower":{"@type":"@id"},"skos:hasTopConcept":{"@type":"@id"},"skos:topConceptOf":{"@type":"@id"}},"@id":"https:\/\/adm.senado.leg.br\/vcb\/vocab\/skos\/13787","@type":"skos:Concept","skos:prefLabel":{"@language":"pt-BR","@value=":"Estat\u00edstica m\u00e9dica"},"skos:inScheme":"https:\/\/adm.senado.leg.br\/vcb\/vocab\/","dct:created":"2020-09-18 17:44:56","skos:scopeNote":[{"@lang":"pt-BR","@value":"Indicar a data, sempre que poss\u00edvel. "}],"skos:definition":[{"@lang":"ab","@value":"Levantamento estat\u00edstico relativo \u00e0 \u00e1rea de sa\u00fade. "}],"skos:broader":["https:\/\/adm.senado.leg.br\/vcb\/vocab\/skos\/2295"],"skos:altLabel":[{"language":"pt-BR","value":"Assist\u00eancia m\u00e9dica, estat\u00edstica"},{"language":"pt-BR","value":"Doen\u00e7a, estat\u00edstica"},{"language":"pt-BR","value":"Doente, estat\u00edstica"},{"language":"pt-BR","value":"Estat\u00edstica de sa\u00fade"},{"language":"pt-BR","value":"Sa\u00fade, estat\u00edstica"}]}