{"@context":{"dc":"http:\/\/purl.org\/dc\/elements\/1.1\/","skos":"http:\/\/www.w3.org\/2004\/02\/skos\/core#","skos:broader":{"@type":"@id"},"skos:inScheme":{"@type":"@id"},"skos:related":{"@type":"@id"},"skos:narrower":{"@type":"@id"},"skos:hasTopConcept":{"@type":"@id"},"skos:topConceptOf":{"@type":"@id"}},"@id":"https:\/\/adm.senado.leg.br\/vcb\/vocab\/skos\/1384","@type":"skos:Concept","skos:prefLabel":{"@language":"pt-BR","@value=":"Recurso administrativo"},"skos:inScheme":"https:\/\/adm.senado.leg.br\/vcb\/vocab\/","dct:created":"2020-09-18 17:43:00","skos:definition":[{"@lang":"ab","@value":"Rem\u00e9dio jur\u00eddico que consiste, lato sensu, na provoca\u00e7\u00e3o e reexame de um caso, na esfera administrativa, perante a mesma autoridade ou outra, de hierarquia superior. Stricto sensu, \u00e9 o pedido de reexame, endere\u00e7ado \u00e0 autoridade superior \u00e0 que editou o referido ato (recurso hier\u00e1rquico pr\u00f3prio).$vCRETELLA J\u00daNIOR, Jos\u00e9. Dicion\u00e1rio de Direito Administrativo. 5\u00aa ed. Rio de Janeiro, Editora Forense, 1999, p. 385 "}],"skos:editorialNote":[{"@lang":"ab","@value":"341.3622 "}],"skos:narrower":["https:\/\/adm.senado.leg.br\/vcb\/vocab\/skos\/11546","https:\/\/adm.senado.leg.br\/vcb\/vocab\/skos\/1314","https:\/\/adm.senado.leg.br\/vcb\/vocab\/skos\/23397","https:\/\/adm.senado.leg.br\/vcb\/vocab\/skos\/12752","https:\/\/adm.senado.leg.br\/vcb\/vocab\/skos\/9281","https:\/\/adm.senado.leg.br\/vcb\/vocab\/skos\/23431"],"skos:broader":["https:\/\/adm.senado.leg.br\/vcb\/vocab\/skos\/948"],"skos:altLabel":[{"language":"pt-BR","value":"Recurso (direito administrativo)"},{"language":"pt-BR","value":"Recurso (processo administrativo)"},{"language":"pt-BR","value":"Recurso contencioso"}],"skos:related":["https:\/\/adm.senado.leg.br\/vcb\/vocab\/skos\/1381","https:\/\/adm.senado.leg.br\/vcb\/vocab\/skos\/4041","https:\/\/adm.senado.leg.br\/vcb\/vocab\/skos\/11515","https:\/\/adm.senado.leg.br\/vcb\/vocab\/skos\/27988","https:\/\/adm.senado.leg.br\/vcb\/vocab\/skos\/2776","https:\/\/adm.senado.leg.br\/vcb\/vocab\/skos\/5798","https:\/\/adm.senado.leg.br\/vcb\/vocab\/skos\/1383","https:\/\/adm.senado.leg.br\/vcb\/vocab\/skos\/2292","https:\/\/adm.senado.leg.br\/vcb\/vocab\/skos\/8912","https:\/\/adm.senado.leg.br\/vcb\/vocab\/skos\/1385"]}