{"@context":{"dc":"http:\/\/purl.org\/dc\/elements\/1.1\/","skos":"http:\/\/www.w3.org\/2004\/02\/skos\/core#","skos:broader":{"@type":"@id"},"skos:inScheme":{"@type":"@id"},"skos:related":{"@type":"@id"},"skos:narrower":{"@type":"@id"},"skos:hasTopConcept":{"@type":"@id"},"skos:topConceptOf":{"@type":"@id"}},"@id":"https:\/\/adm.senado.leg.br\/vcb\/vocab\/skos\/1397","@type":"skos:Concept","skos:prefLabel":{"@language":"pt-BR","@value=":"Interesse privado"},"skos:inScheme":"https:\/\/adm.senado.leg.br\/vcb\/vocab\/","dct:created":"2020-09-18 17:43:00","skos:definition":[{"@lang":"pt-BR","@value":"Interesse privado refere-se \u00e0s vontades, necessidades e objetivos individuais, organizacionais ou de grupos espec\u00edficos, focados em benef\u00edcios particulares, econ\u00f4micos ou de mercado. No \u00e2mbito jur\u00eddico, ele \u00e9 contraposto ao interesse p\u00fablico, geralmente subordinando-se \u00e0 coletividade, embora n\u00e3o deva ser negligenciado "}],"skos:related":["https:\/\/adm.senado.leg.br\/vcb\/vocab\/skos\/1395","https:\/\/adm.senado.leg.br\/vcb\/vocab\/skos\/373","https:\/\/adm.senado.leg.br\/vcb\/vocab\/skos\/11648","https:\/\/adm.senado.leg.br\/vcb\/vocab\/skos\/28296"]}