{"@context":{"dc":"http:\/\/purl.org\/dc\/elements\/1.1\/","skos":"http:\/\/www.w3.org\/2004\/02\/skos\/core#","skos:broader":{"@type":"@id"},"skos:inScheme":{"@type":"@id"},"skos:related":{"@type":"@id"},"skos:narrower":{"@type":"@id"},"skos:hasTopConcept":{"@type":"@id"},"skos:topConceptOf":{"@type":"@id"}},"@id":"https:\/\/adm.senado.leg.br\/vcb\/vocab\/skos\/1399","@type":"skos:Concept","skos:prefLabel":{"@language":"pt-BR","@value=":"Interesse p\u00fablico"},"skos:inScheme":"https:\/\/adm.senado.leg.br\/vcb\/vocab\/","dct:created":"2020-09-18 17:43:00","skos:definition":[{"@lang":"ab","@value":"Interesse pelo bem geral, cujo titular \u00e9 o Estado. S\u00e3o divididos em prim\u00e1rios (interesses de toda a coletividade) e em secund\u00e1rios (modo pelo qual os \u00f3rg\u00e3os p\u00fablicos da administra\u00e7\u00e3o v\u00eaem o interesse p\u00fablico). Rela\u00e7\u00e3o entre o indiv\u00edduo e o Estado. "}],"skos:editorialNote":[{"@lang":"pt-BR","@value":"340.15 "}],"skos:broader":["https:\/\/adm.senado.leg.br\/vcb\/vocab\/skos\/4636"],"skos:altLabel":[{"language":"pt-BR","value":"Interesse p\u00fablico prim\u00e1rio"},{"language":"pt-BR","value":"Interesse p\u00fablico secund\u00e1rio"}],"skos:related":["https:\/\/adm.senado.leg.br\/vcb\/vocab\/skos\/698","https:\/\/adm.senado.leg.br\/vcb\/vocab\/skos\/4041","https:\/\/adm.senado.leg.br\/vcb\/vocab\/skos\/6989","https:\/\/adm.senado.leg.br\/vcb\/vocab\/skos\/9126","https:\/\/adm.senado.leg.br\/vcb\/vocab\/skos\/11193","https:\/\/adm.senado.leg.br\/vcb\/vocab\/skos\/373","https:\/\/adm.senado.leg.br\/vcb\/vocab\/skos\/374","https:\/\/adm.senado.leg.br\/vcb\/vocab\/skos\/19087","https:\/\/adm.senado.leg.br\/vcb\/vocab\/skos\/376","https:\/\/adm.senado.leg.br\/vcb\/vocab\/skos\/28296","https:\/\/adm.senado.leg.br\/vcb\/vocab\/skos\/2193","https:\/\/adm.senado.leg.br\/vcb\/vocab\/skos\/4046","https:\/\/adm.senado.leg.br\/vcb\/vocab\/skos\/5136","https:\/\/adm.senado.leg.br\/vcb\/vocab\/skos\/19088","https:\/\/adm.senado.leg.br\/vcb\/vocab\/skos\/19089"]}