{"@context":{"dc":"http:\/\/purl.org\/dc\/elements\/1.1\/","skos":"http:\/\/www.w3.org\/2004\/02\/skos\/core#","skos:broader":{"@type":"@id"},"skos:inScheme":{"@type":"@id"},"skos:related":{"@type":"@id"},"skos:narrower":{"@type":"@id"},"skos:hasTopConcept":{"@type":"@id"},"skos:topConceptOf":{"@type":"@id"}},"@id":"https:\/\/adm.senado.leg.br\/vcb\/vocab\/skos\/140","@type":"skos:Concept","skos:prefLabel":{"@language":"pt-BR","@value=":"Movimento social"},"skos:inScheme":"https:\/\/adm.senado.leg.br\/vcb\/vocab\/","dct:created":"2020-09-18 17:42:56","skos:definition":[{"@lang":"ab","@value":"Designa formas de a\u00e7\u00e3o coletiva que invocam solidariedade, manifestam um conflito e vinculam uma ruptura (ou quebra) nos limites de compatibilidade do sistema onde a a\u00e7\u00e3o tem lugar.$vO PARADIGMA dos novos movimentos sociais. In: GOHN, Maria da Gl\u00f3ria. Teoria dos movimentos sociais: paradigmas cl\u00e1ssicos e contempor\u00e2neos. 6. ed. S\u00e3o Paulo: Loyola, 2007. p. 155. "}],"skos:narrower":["https:\/\/adm.senado.leg.br\/vcb\/vocab\/skos\/134","https:\/\/adm.senado.leg.br\/vcb\/vocab\/skos\/136","https:\/\/adm.senado.leg.br\/vcb\/vocab\/skos\/350","https:\/\/adm.senado.leg.br\/vcb\/vocab\/skos\/2204","https:\/\/adm.senado.leg.br\/vcb\/vocab\/skos\/3958","https:\/\/adm.senado.leg.br\/vcb\/vocab\/skos\/5963","https:\/\/adm.senado.leg.br\/vcb\/vocab\/skos\/10979","https:\/\/adm.senado.leg.br\/vcb\/vocab\/skos\/2548","https:\/\/adm.senado.leg.br\/vcb\/vocab\/skos\/11807","https:\/\/adm.senado.leg.br\/vcb\/vocab\/skos\/8388","https:\/\/adm.senado.leg.br\/vcb\/vocab\/skos\/16202","https:\/\/adm.senado.leg.br\/vcb\/vocab\/skos\/20832","https:\/\/adm.senado.leg.br\/vcb\/vocab\/skos\/20834","https:\/\/adm.senado.leg.br\/vcb\/vocab\/skos\/12086","https:\/\/adm.senado.leg.br\/vcb\/vocab\/skos\/150","https:\/\/adm.senado.leg.br\/vcb\/vocab\/skos\/2613","https:\/\/adm.senado.leg.br\/vcb\/vocab\/skos\/20840","https:\/\/adm.senado.leg.br\/vcb\/vocab\/skos\/12886","https:\/\/adm.senado.leg.br\/vcb\/vocab\/skos\/15860","https:\/\/adm.senado.leg.br\/vcb\/vocab\/skos\/7492","https:\/\/adm.senado.leg.br\/vcb\/vocab\/skos\/20833","https:\/\/adm.senado.leg.br\/vcb\/vocab\/skos\/5967"],"skos:broader":["https:\/\/adm.senado.leg.br\/vcb\/vocab\/skos\/8312"],"skos:altLabel":[{"language":"pt-BR","value":"Movimentos sociais"}],"skos:related":["https:\/\/adm.senado.leg.br\/vcb\/vocab\/skos\/3959","https:\/\/adm.senado.leg.br\/vcb\/vocab\/skos\/8864","https:\/\/adm.senado.leg.br\/vcb\/vocab\/skos\/581","https:\/\/adm.senado.leg.br\/vcb\/vocab\/skos\/614","https:\/\/adm.senado.leg.br\/vcb\/vocab\/skos\/3766","https:\/\/adm.senado.leg.br\/vcb\/vocab\/skos\/1404","https:\/\/adm.senado.leg.br\/vcb\/vocab\/skos\/929"]}