{"@context":{"dc":"http:\/\/purl.org\/dc\/elements\/1.1\/","skos":"http:\/\/www.w3.org\/2004\/02\/skos\/core#","skos:broader":{"@type":"@id"},"skos:inScheme":{"@type":"@id"},"skos:related":{"@type":"@id"},"skos:narrower":{"@type":"@id"},"skos:hasTopConcept":{"@type":"@id"},"skos:topConceptOf":{"@type":"@id"}},"@id":"https:\/\/adm.senado.leg.br\/vcb\/vocab\/skos\/1426","@type":"skos:Concept","skos:prefLabel":{"@language":"pt-BR","@value=":"Dengue"},"skos:inScheme":"https:\/\/adm.senado.leg.br\/vcb\/vocab\/","dct:created":"2020-09-18 17:43:00","skos:definition":[{"@lang":"ab","@value":"Doen\u00e7a febril aguda, de etiologia viral e de evolu\u00e7\u00e3o benigna na forma cl\u00e1ssica, e grave quando se apresenta na forma hemorr\u00e1gica. A dengue \u00e9 hoje a mais importante arbovirose (doen\u00e7a transmitida por artr\u00f3podes) que afeta o homem e constitui-se em s\u00e9rio problema de sa\u00fade p\u00fablica no mundo, especialmente nos pa\u00edses tropicais, onde as condi\u00e7\u00f5es do meio ambiente favorecem o desenvolvimento e a prolifera\u00e7\u00e3o do Aedes aegypti, principal mosquito vetor.$vBRASIL. Minist\u00e9rio da Sa\u00fade. Gloss\u00e1rio do Minist\u00e9rio da Sa\u00fade. "}],"skos:broader":["https:\/\/adm.senado.leg.br\/vcb\/vocab\/skos\/1838","https:\/\/adm.senado.leg.br\/vcb\/vocab\/skos\/10678"],"skos:altLabel":[{"language":"pt-BR","value":"Febre da dengue"},{"language":"pt-BR","value":"Febre Quebra-Ossos"}],"skos:related":["https:\/\/adm.senado.leg.br\/vcb\/vocab\/skos\/1424","https:\/\/adm.senado.leg.br\/vcb\/vocab\/skos\/1425","https:\/\/adm.senado.leg.br\/vcb\/vocab\/skos\/6818","https:\/\/adm.senado.leg.br\/vcb\/vocab\/skos\/6819","https:\/\/adm.senado.leg.br\/vcb\/vocab\/skos\/10542","https:\/\/adm.senado.leg.br\/vcb\/vocab\/skos\/6820","https:\/\/adm.senado.leg.br\/vcb\/vocab\/skos\/1427"]}