{"@context":{"dc":"http:\/\/purl.org\/dc\/elements\/1.1\/","skos":"http:\/\/www.w3.org\/2004\/02\/skos\/core#","skos:broader":{"@type":"@id"},"skos:inScheme":{"@type":"@id"},"skos:related":{"@type":"@id"},"skos:narrower":{"@type":"@id"},"skos:hasTopConcept":{"@type":"@id"},"skos:topConceptOf":{"@type":"@id"}},"@id":"https:\/\/adm.senado.leg.br\/vcb\/vocab\/skos\/14318","@type":"skos:Concept","skos:prefLabel":{"@language":"pt-BR","@value=":"Georgianos"},"skos:inScheme":"https:\/\/adm.senado.leg.br\/vcb\/vocab\/","dct:created":"2020-09-18 17:45:06","skos:definition":[{"@lang":"ab","@value":"Naturais da ou relativos \u00e0 regi\u00e3o de(a)(o) Ge\u00f3rgia "},{"@lang":"ab","@value":"Naturais da ou relativos \u00e0 regi\u00e3o de(a)(o) Ge\u00f3rgia (Estados Unidos) "}],"skos:broader":["https:\/\/adm.senado.leg.br\/vcb\/vocab\/skos\/14030","https:\/\/adm.senado.leg.br\/vcb\/vocab\/skos\/14031"],"skos:altLabel":[{"language":"pt-BR","value":"Ge\u00f3rgicos"},{"language":"pt-BR","value":"Gr\u00fazicos"},{"language":"pt-BR","value":"Gruz\u00ednicos"},{"language":"pt-BR","value":"Gruz\u00ednios"},{"language":"pt-BR","value":"Gr\u00fazios"}]}