{"@context":{"dc":"http:\/\/purl.org\/dc\/elements\/1.1\/","skos":"http:\/\/www.w3.org\/2004\/02\/skos\/core#","skos:broader":{"@type":"@id"},"skos:inScheme":{"@type":"@id"},"skos:related":{"@type":"@id"},"skos:narrower":{"@type":"@id"},"skos:hasTopConcept":{"@type":"@id"},"skos:topConceptOf":{"@type":"@id"}},"@id":"https:\/\/adm.senado.leg.br\/vcb\/vocab\/skos\/1472","@type":"skos:Concept","skos:prefLabel":{"@language":"pt-BR","@value=":"Transporte a\u00e9reo"},"skos:inScheme":"https:\/\/adm.senado.leg.br\/vcb\/vocab\/","dct:created":"2020-09-18 17:43:00","skos:definition":[{"@lang":"ab","@value":"O transporte a\u00e9reo \u00e9 o modal de transportes que consiste em transportar mercadorias (cargas) e\/ou pessoas atrav\u00e9s de aeronaves (tr\u00e1fego a\u00e9reo).$vPORTOGENTE. Defini\u00e7\u00e3o de transporte a\u00e9reo. "}],"skos:editorialNote":[{"@lang":"ab","@value":"341.85 "}],"skos:narrower":["https:\/\/adm.senado.leg.br\/vcb\/vocab\/skos\/1561","https:\/\/adm.senado.leg.br\/vcb\/vocab\/skos\/5295","https:\/\/adm.senado.leg.br\/vcb\/vocab\/skos\/1465","https:\/\/adm.senado.leg.br\/vcb\/vocab\/skos\/9994","https:\/\/adm.senado.leg.br\/vcb\/vocab\/skos\/1493","https:\/\/adm.senado.leg.br\/vcb\/vocab\/skos\/11346","https:\/\/adm.senado.leg.br\/vcb\/vocab\/skos\/24251","https:\/\/adm.senado.leg.br\/vcb\/vocab\/skos\/24259","https:\/\/adm.senado.leg.br\/vcb\/vocab\/skos\/25489","https:\/\/adm.senado.leg.br\/vcb\/vocab\/skos\/4609"],"skos:broader":["https:\/\/adm.senado.leg.br\/vcb\/vocab\/skos\/1492","https:\/\/adm.senado.leg.br\/vcb\/vocab\/skos\/1571"],"skos:altLabel":[{"language":"pt-BR","value":"Transporte aerovi\u00e1rio"}],"skos:related":["https:\/\/adm.senado.leg.br\/vcb\/vocab\/skos\/772","https:\/\/adm.senado.leg.br\/vcb\/vocab\/skos\/1464","https:\/\/adm.senado.leg.br\/vcb\/vocab\/skos\/2740","https:\/\/adm.senado.leg.br\/vcb\/vocab\/skos\/1442","https:\/\/adm.senado.leg.br\/vcb\/vocab\/skos\/1443","https:\/\/adm.senado.leg.br\/vcb\/vocab\/skos\/1467","https:\/\/adm.senado.leg.br\/vcb\/vocab\/skos\/1456","https:\/\/adm.senado.leg.br\/vcb\/vocab\/skos\/1445","https:\/\/adm.senado.leg.br\/vcb\/vocab\/skos\/18855","https:\/\/adm.senado.leg.br\/vcb\/vocab\/skos\/1449","https:\/\/adm.senado.leg.br\/vcb\/vocab\/skos\/776","https:\/\/adm.senado.leg.br\/vcb\/vocab\/skos\/1496","https:\/\/adm.senado.leg.br\/vcb\/vocab\/skos\/11348","https:\/\/adm.senado.leg.br\/vcb\/vocab\/skos\/1471","https:\/\/adm.senado.leg.br\/vcb\/vocab\/skos\/25475","https:\/\/adm.senado.leg.br\/vcb\/vocab\/skos\/5947","https:\/\/adm.senado.leg.br\/vcb\/vocab\/skos\/1473","https:\/\/adm.senado.leg.br\/vcb\/vocab\/skos\/26052","https:\/\/adm.senado.leg.br\/vcb\/vocab\/skos\/25488","https:\/\/adm.senado.leg.br\/vcb\/vocab\/skos\/1505"]}