{"@context":{"dc":"http:\/\/purl.org\/dc\/elements\/1.1\/","skos":"http:\/\/www.w3.org\/2004\/02\/skos\/core#","skos:broader":{"@type":"@id"},"skos:inScheme":{"@type":"@id"},"skos:related":{"@type":"@id"},"skos:narrower":{"@type":"@id"},"skos:hasTopConcept":{"@type":"@id"},"skos:topConceptOf":{"@type":"@id"}},"@id":"https:\/\/adm.senado.leg.br\/vcb\/vocab\/skos\/1476","@type":"skos:Concept","skos:prefLabel":{"@language":"pt-BR","@value=":"Aeronave de combate"},"skos:inScheme":"https:\/\/adm.senado.leg.br\/vcb\/vocab\/","dct:created":"2020-09-18 17:43:00","skos:definition":[{"@lang":"ab","@value":"Aeronave armada e capacitada a se envolver em a\u00e7\u00f5es hostis diretas contra o inimigo. (Gloss\u00e1rio das For\u00e7as Armadas) "}],"skos:editorialNote":[{"@lang":"ab","@value":"341.84511 "}],"skos:broader":["https:\/\/adm.senado.leg.br\/vcb\/vocab\/skos\/772","https:\/\/adm.senado.leg.br\/vcb\/vocab\/skos\/1477"],"skos:altLabel":[{"language":"pt-BR","value":"Aeronave de ataque"},{"language":"pt-BR","value":"Aeronave de ca\u00e7a"},{"language":"pt-BR","value":"Avi\u00e3o ca\u00e7a"},{"language":"pt-BR","value":"Avi\u00e3o de ataque"},{"language":"pt-BR","value":"Avi\u00e3o de ca\u00e7a"},{"language":"pt-BR","value":"Avi\u00e3o de combate"},{"language":"pt-BR","value":"Ca\u00e7a (avi\u00e3o)"}],"skos:related":["https:\/\/adm.senado.leg.br\/vcb\/vocab\/skos\/215","https:\/\/adm.senado.leg.br\/vcb\/vocab\/skos\/1443","https:\/\/adm.senado.leg.br\/vcb\/vocab\/skos\/1460","https:\/\/adm.senado.leg.br\/vcb\/vocab\/skos\/1489","https:\/\/adm.senado.leg.br\/vcb\/vocab\/skos\/1490"]}