{"@context":{"dc":"http:\/\/purl.org\/dc\/elements\/1.1\/","skos":"http:\/\/www.w3.org\/2004\/02\/skos\/core#","skos:broader":{"@type":"@id"},"skos:inScheme":{"@type":"@id"},"skos:related":{"@type":"@id"},"skos:narrower":{"@type":"@id"},"skos:hasTopConcept":{"@type":"@id"},"skos:topConceptOf":{"@type":"@id"}},"@id":"https:\/\/adm.senado.leg.br\/vcb\/vocab\/skos\/14775","@type":"skos:Concept","skos:prefLabel":{"@language":"pt-BR","@value=":"Setor terci\u00e1rio"},"skos:inScheme":"https:\/\/adm.senado.leg.br\/vcb\/vocab\/","dct:created":"2020-09-18 17:45:15","skos:definition":[{"@lang":"ab","@value":"Em economia, o setor terci\u00e1rio corresponde \u00e0s atividades de com\u00e9rcio de bens e \u00e0 presta\u00e7\u00e3o de servi\u00e7os. Abrange uma vasta gama de atividades que v\u00e3o desde o com\u00e9rcio de mercadorias \u00e0 administra\u00e7\u00e3o p\u00fablica, passando por transportes, atividades financeiras e imobili\u00e1rias, servi\u00e7os a empresas ou pessoais, educa\u00e7\u00e3o, sa\u00fade e promo\u00e7\u00e3o social. De fato, o terci\u00e1rio \u00e9 constitu\u00eddo por atividades complementares aos outros setores (prim\u00e1rio e secund\u00e1rio da atividade econ\u00f4mica).$vWikipedia "}],"skos:narrower":["https:\/\/adm.senado.leg.br\/vcb\/vocab\/skos\/29788"],"skos:broader":["https:\/\/adm.senado.leg.br\/vcb\/vocab\/skos\/3915"],"skos:altLabel":[{"language":"pt-BR","value":"Ind\u00fastria de servi\u00e7os"},{"language":"pt-BR","value":"Ind\u00fastria dos servi\u00e7os"},{"language":"pt-BR","value":"Setor de servi\u00e7os"}],"skos:related":["https:\/\/adm.senado.leg.br\/vcb\/vocab\/skos\/5901","https:\/\/adm.senado.leg.br\/vcb\/vocab\/skos\/13002","https:\/\/adm.senado.leg.br\/vcb\/vocab\/skos\/14773","https:\/\/adm.senado.leg.br\/vcb\/vocab\/skos\/5706","https:\/\/adm.senado.leg.br\/vcb\/vocab\/skos\/8703","https:\/\/adm.senado.leg.br\/vcb\/vocab\/skos\/1699","https:\/\/adm.senado.leg.br\/vcb\/vocab\/skos\/18675"]}