{"@context":{"dc":"http:\/\/purl.org\/dc\/elements\/1.1\/","skos":"http:\/\/www.w3.org\/2004\/02\/skos\/core#","skos:broader":{"@type":"@id"},"skos:inScheme":{"@type":"@id"},"skos:related":{"@type":"@id"},"skos:narrower":{"@type":"@id"},"skos:hasTopConcept":{"@type":"@id"},"skos:topConceptOf":{"@type":"@id"}},"@id":"https:\/\/adm.senado.leg.br\/vcb\/vocab\/skos\/1490","@type":"skos:Concept","skos:prefLabel":{"@language":"pt-BR","@value=":"Guerra"},"skos:inScheme":"https:\/\/adm.senado.leg.br\/vcb\/vocab\/","dct:created":"2020-09-18 17:43:00","skos:scopeNote":[{"@lang":"pt-BR","@value":"Usar, tamb\u00e9m, seguido de nomes geogr\u00e1ficos, indicativos das unidades geogr\u00e1ficas, em ordem alfab\u00e9tica. Ex.: Guerra, Afeganist\u00e3o, Estados Unidos. "}],"skos:definition":[{"@lang":"ab","@value":"1. Conflito no seu grau m\u00e1ximo de viol\u00eancia. Em fun\u00e7\u00e3o da magnitude do conflito, pode implicar a mobiliza\u00e7\u00e3o de todo o Poder Nacional, com predomin\u00e2ncia da express\u00e3o militar, para impor a vontade de um ator ao outro. 2. No sentido cl\u00e1ssico, caracteriza um conflito, normalmente entre Estados, envolvendo o emprego de suas for\u00e7as armadas. Desencadeia-se de forma declarada e de acordo com o Direito Internacional.$vBRASIL. Minist\u00e9rio da Defesa. Gloss\u00e1rio das For\u00e7as Armadas. "}],"skos:editorialNote":[{"@lang":"ab","@value":"341.13 "}],"skos:narrower":["https:\/\/adm.senado.leg.br\/vcb\/vocab\/skos\/15918","https:\/\/adm.senado.leg.br\/vcb\/vocab\/skos\/15914","https:\/\/adm.senado.leg.br\/vcb\/vocab\/skos\/15915","https:\/\/adm.senado.leg.br\/vcb\/vocab\/skos\/29263","https:\/\/adm.senado.leg.br\/vcb\/vocab\/skos\/15919","https:\/\/adm.senado.leg.br\/vcb\/vocab\/skos\/1462","https:\/\/adm.senado.leg.br\/vcb\/vocab\/skos\/10487","https:\/\/adm.senado.leg.br\/vcb\/vocab\/skos\/15913","https:\/\/adm.senado.leg.br\/vcb\/vocab\/skos\/15934","https:\/\/adm.senado.leg.br\/vcb\/vocab\/skos\/3117","https:\/\/adm.senado.leg.br\/vcb\/vocab\/skos\/12085","https:\/\/adm.senado.leg.br\/vcb\/vocab\/skos\/15917","https:\/\/adm.senado.leg.br\/vcb\/vocab\/skos\/15935","https:\/\/adm.senado.leg.br\/vcb\/vocab\/skos\/15993","https:\/\/adm.senado.leg.br\/vcb\/vocab\/skos\/15921","https:\/\/adm.senado.leg.br\/vcb\/vocab\/skos\/15922","https:\/\/adm.senado.leg.br\/vcb\/vocab\/skos\/15923","https:\/\/adm.senado.leg.br\/vcb\/vocab\/skos\/15924","https:\/\/adm.senado.leg.br\/vcb\/vocab\/skos\/15925","https:\/\/adm.senado.leg.br\/vcb\/vocab\/skos\/15996","https:\/\/adm.senado.leg.br\/vcb\/vocab\/skos\/4938","https:\/\/adm.senado.leg.br\/vcb\/vocab\/skos\/15927","https:\/\/adm.senado.leg.br\/vcb\/vocab\/skos\/15928","https:\/\/adm.senado.leg.br\/vcb\/vocab\/skos\/3137","https:\/\/adm.senado.leg.br\/vcb\/vocab\/skos\/3140","https:\/\/adm.senado.leg.br\/vcb\/vocab\/skos\/15930","https:\/\/adm.senado.leg.br\/vcb\/vocab\/skos\/15931","https:\/\/adm.senado.leg.br\/vcb\/vocab\/skos\/15932","https:\/\/adm.senado.leg.br\/vcb\/vocab\/skos\/15933","https:\/\/adm.senado.leg.br\/vcb\/vocab\/skos\/15916","https:\/\/adm.senado.leg.br\/vcb\/vocab\/skos\/28601","https:\/\/adm.senado.leg.br\/vcb\/vocab\/skos\/4941","https:\/\/adm.senado.leg.br\/vcb\/vocab\/skos\/15936","https:\/\/adm.senado.leg.br\/vcb\/vocab\/skos\/15920"],"skos:broader":["https:\/\/adm.senado.leg.br\/vcb\/vocab\/skos\/5489","https:\/\/adm.senado.leg.br\/vcb\/vocab\/skos\/1994"],"skos:altLabel":[{"language":"pt-BR","value":"Conflito (direito militar)"},{"language":"pt-BR","value":"Conflito armado"},{"language":"pt-BR","value":"Conflitos armados"}],"skos:related":["https:\/\/adm.senado.leg.br\/vcb\/vocab\/skos\/1476","https:\/\/adm.senado.leg.br\/vcb\/vocab\/skos\/1851","https:\/\/adm.senado.leg.br\/vcb\/vocab\/skos\/4923","https:\/\/adm.senado.leg.br\/vcb\/vocab\/skos\/3847","https:\/\/adm.senado.leg.br\/vcb\/vocab\/skos\/1458","https:\/\/adm.senado.leg.br\/vcb\/vocab\/skos\/1489","https:\/\/adm.senado.leg.br\/vcb\/vocab\/skos\/8382","https:\/\/adm.senado.leg.br\/vcb\/vocab\/skos\/8427","https:\/\/adm.senado.leg.br\/vcb\/vocab\/skos\/8425","https:\/\/adm.senado.leg.br\/vcb\/vocab\/skos\/9868","https:\/\/adm.senado.leg.br\/vcb\/vocab\/skos\/1669","https:\/\/adm.senado.leg.br\/vcb\/vocab\/skos\/3849","https:\/\/adm.senado.leg.br\/vcb\/vocab\/skos\/3151","https:\/\/adm.senado.leg.br\/vcb\/vocab\/skos\/12028","https:\/\/adm.senado.leg.br\/vcb\/vocab\/skos\/5853","https:\/\/adm.senado.leg.br\/vcb\/vocab\/skos\/12888","https:\/\/adm.senado.leg.br\/vcb\/vocab\/skos\/10486","https:\/\/adm.senado.leg.br\/vcb\/vocab\/skos\/1453","https:\/\/adm.senado.leg.br\/vcb\/vocab\/skos\/8423","https:\/\/adm.senado.leg.br\/vcb\/vocab\/skos\/10506","https:\/\/adm.senado.leg.br\/vcb\/vocab\/skos\/3099","https:\/\/adm.senado.leg.br\/vcb\/vocab\/skos\/1671","https:\/\/adm.senado.leg.br\/vcb\/vocab\/skos\/11529","https:\/\/adm.senado.leg.br\/vcb\/vocab\/skos\/3197","https:\/\/adm.senado.leg.br\/vcb\/vocab\/skos\/15911","https:\/\/adm.senado.leg.br\/vcb\/vocab\/skos\/15912","https:\/\/adm.senado.leg.br\/vcb\/vocab\/skos\/20608","https:\/\/adm.senado.leg.br\/vcb\/vocab\/skos\/2654","https:\/\/adm.senado.leg.br\/vcb\/vocab\/skos\/7600"]}