{"@context":{"dc":"http:\/\/purl.org\/dc\/elements\/1.1\/","skos":"http:\/\/www.w3.org\/2004\/02\/skos\/core#","skos:broader":{"@type":"@id"},"skos:inScheme":{"@type":"@id"},"skos:related":{"@type":"@id"},"skos:narrower":{"@type":"@id"},"skos:hasTopConcept":{"@type":"@id"},"skos:topConceptOf":{"@type":"@id"}},"@id":"https:\/\/adm.senado.leg.br\/vcb\/vocab\/skos\/14952","@type":"skos:Concept","skos:prefLabel":{"@language":"pt-BR","@value=":"Vacina\u00e7\u00e3o"},"skos:inScheme":"https:\/\/adm.senado.leg.br\/vcb\/vocab\/","dct:created":"2020-09-18 17:45:18","skos:definition":[{"@lang":"ab","@value":"Administra\u00e7\u00e3o de vacinas para estimula\u00e7\u00e3o da resposta imune do hospedeiro. Isto inclui qualquer prepara\u00e7\u00e3o que objetive a profilaxia imunol\u00f3gica ativa.$vDESCRITORES em Ci\u00eancias da Sa\u00fade. "}],"skos:narrower":["https:\/\/adm.senado.leg.br\/vcb\/vocab\/skos\/21593","https:\/\/adm.senado.leg.br\/vcb\/vocab\/skos\/7375","https:\/\/adm.senado.leg.br\/vcb\/vocab\/skos\/21594"],"skos:broader":["https:\/\/adm.senado.leg.br\/vcb\/vocab\/skos\/12277"],"skos:altLabel":[{"language":"pt-BR","value":"Imuniza\u00e7\u00e3o ativa"}],"skos:related":["https:\/\/adm.senado.leg.br\/vcb\/vocab\/skos\/5620","https:\/\/adm.senado.leg.br\/vcb\/vocab\/skos\/12278"]}