{"@context":{"dc":"http:\/\/purl.org\/dc\/elements\/1.1\/","skos":"http:\/\/www.w3.org\/2004\/02\/skos\/core#","skos:broader":{"@type":"@id"},"skos:inScheme":{"@type":"@id"},"skos:related":{"@type":"@id"},"skos:narrower":{"@type":"@id"},"skos:hasTopConcept":{"@type":"@id"},"skos:topConceptOf":{"@type":"@id"}},"@id":"https:\/\/adm.senado.leg.br\/vcb\/vocab\/skos\/15140","@type":"skos:Concept","skos:prefLabel":{"@language":"pt-BR","@value=":"Pol\u00edtica e governo"},"skos:inScheme":"https:\/\/adm.senado.leg.br\/vcb\/vocab\/","dct:created":"2020-09-18 17:45:21","skos:definition":[{"@lang":"pt-BR","@value":"Pol\u00edtica de governo\u00a0\u00e9 o conjunto de\u00a0filosofias, ideais, planos e medidas que comp\u00f5e uma\u00a0gest\u00e3o p\u00fablica. Influenciada por diversos fatores incluindo as\u00a0rela\u00e7\u00f5es partid\u00e1rias, alian\u00e7as pol\u00edticas, apoio de\u00a0institui\u00e7\u00f5es privadas\u00a0e da pr\u00f3pria\u00a0sociedade civil. "}],"skos:narrower":["https:\/\/adm.senado.leg.br\/vcb\/vocab\/skos\/1295","https:\/\/adm.senado.leg.br\/vcb\/vocab\/skos\/20721","https:\/\/adm.senado.leg.br\/vcb\/vocab\/skos\/23561","https:\/\/adm.senado.leg.br\/vcb\/vocab\/skos\/26086"],"skos:broader":["https:\/\/adm.senado.leg.br\/vcb\/vocab\/skos\/1093"],"skos:altLabel":[{"language":"pt-BR","value":"Governo e pol\u00edtica"},{"language":"pt-BR","value":"Pol\u00edtica de governo"},{"language":"pt-BR","value":"Pol\u00edtica governamental"},{"language":"pt-BR","value":"Pol\u00edtica nacional de governo"},{"language":"pt-BR","value":"Pol\u00edtica setorial"},{"language":"pt-BR","value":"Sistema pol\u00edtico (governo e pol\u00edtica)"},{"language":"pt-BR","value":"Sistema pol\u00edtico (pol\u00edtica e governo)"}],"skos:related":["https:\/\/adm.senado.leg.br\/vcb\/vocab\/skos\/979","https:\/\/adm.senado.leg.br\/vcb\/vocab\/skos\/10001","https:\/\/adm.senado.leg.br\/vcb\/vocab\/skos\/12017","https:\/\/adm.senado.leg.br\/vcb\/vocab\/skos\/977","https:\/\/adm.senado.leg.br\/vcb\/vocab\/skos\/11713","https:\/\/adm.senado.leg.br\/vcb\/vocab\/skos\/1283","https:\/\/adm.senado.leg.br\/vcb\/vocab\/skos\/10013","https:\/\/adm.senado.leg.br\/vcb\/vocab\/skos\/15776","https:\/\/adm.senado.leg.br\/vcb\/vocab\/skos\/19745","https:\/\/adm.senado.leg.br\/vcb\/vocab\/skos\/12428","https:\/\/adm.senado.leg.br\/vcb\/vocab\/skos\/2842","https:\/\/adm.senado.leg.br\/vcb\/vocab\/skos\/4571","https:\/\/adm.senado.leg.br\/vcb\/vocab\/skos\/5955","https:\/\/adm.senado.leg.br\/vcb\/vocab\/skos\/4349"]}