{"@context":{"dc":"http:\/\/purl.org\/dc\/elements\/1.1\/","skos":"http:\/\/www.w3.org\/2004\/02\/skos\/core#","skos:broader":{"@type":"@id"},"skos:inScheme":{"@type":"@id"},"skos:related":{"@type":"@id"},"skos:narrower":{"@type":"@id"},"skos:hasTopConcept":{"@type":"@id"},"skos:topConceptOf":{"@type":"@id"}},"@id":"https:\/\/adm.senado.leg.br\/vcb\/vocab\/skos\/1540","@type":"skos:Concept","skos:prefLabel":{"@language":"pt-BR","@value=":"Not\u00edcia"},"skos:inScheme":"https:\/\/adm.senado.leg.br\/vcb\/vocab\/","dct:created":"2020-09-18 17:43:01","skos:scopeNote":[{"@lang":"pt-BR","@value":"Utilizar no campo 650 quando for assunto do texto. Exemplos: manual para reda\u00e7\u00e3o de not\u00edcia; consequencias de uma not\u00edcia em uma comunidade. Para as pr\u00f3prias not\u00edcias, usar no campo 655, com o assunto\/tema da not\u00edcia no campo 650. Acrescentar o especificador geogr\u00e1fico, quando necess\u00e1rio. Ex.: Not\u00edcia, Brasil. "}],"skos:definition":[{"@lang":"ab","@value":"Relato de fatos ou acontecimentos atuais, de interesse e import\u00e2ncia para a comunidade, e capaz de ser compreendido pelo p\u00fablico (RABA\u00c7A, 2001). "}],"skos:narrower":["https:\/\/adm.senado.leg.br\/vcb\/vocab\/skos\/21088","https:\/\/adm.senado.leg.br\/vcb\/vocab\/skos\/19331","https:\/\/adm.senado.leg.br\/vcb\/vocab\/skos\/19333"],"skos:broader":["https:\/\/adm.senado.leg.br\/vcb\/vocab\/skos\/1987","https:\/\/adm.senado.leg.br\/vcb\/vocab\/skos\/1557","https:\/\/adm.senado.leg.br\/vcb\/vocab\/skos\/8055"],"skos:altLabel":[{"language":"pt-BR","value":"Not\u00edcias"}],"skos:related":["https:\/\/adm.senado.leg.br\/vcb\/vocab\/skos\/1537","https:\/\/adm.senado.leg.br\/vcb\/vocab\/skos\/5508","https:\/\/adm.senado.leg.br\/vcb\/vocab\/skos\/1538","https:\/\/adm.senado.leg.br\/vcb\/vocab\/skos\/16440","https:\/\/adm.senado.leg.br\/vcb\/vocab\/skos\/1539","https:\/\/adm.senado.leg.br\/vcb\/vocab\/skos\/1541"]}