{"@context":{"dc":"http:\/\/purl.org\/dc\/elements\/1.1\/","skos":"http:\/\/www.w3.org\/2004\/02\/skos\/core#","skos:broader":{"@type":"@id"},"skos:inScheme":{"@type":"@id"},"skos:related":{"@type":"@id"},"skos:narrower":{"@type":"@id"},"skos:hasTopConcept":{"@type":"@id"},"skos:topConceptOf":{"@type":"@id"}},"@id":"https:\/\/adm.senado.leg.br\/vcb\/vocab\/skos\/1552","@type":"skos:Concept","skos:prefLabel":{"@language":"pt-BR","@value=":"Turismo"},"skos:inScheme":"https:\/\/adm.senado.leg.br\/vcb\/vocab\/","dct:created":"2020-09-18 17:43:01","skos:definition":[{"@lang":"ab","@value":"Atividade econ\u00f4mica representada pelo conjunto de transa\u00e7\u00f5es (compra e venda de produtos e servi\u00e7os tur\u00edsticos) efetuadas entre os agentes econ\u00f4micos do turismo. \u00c9 gerado pelo deslocamento volunt\u00e1rio e tempor\u00e1rio de pessoas para fora dos limites da \u00e1rea ou regi\u00e3o em que t\u00eam resid\u00eancia fixa, por qualquer motivo, excetuando-se o de exercer alguma atividade remunerada no local que visita. (EMBRATUR) .$vZIMMERMMAN CONSULTORIA EM TURISMO. Gloss\u00e1rio. "}],"skos:narrower":["https:\/\/adm.senado.leg.br\/vcb\/vocab\/skos\/1549","https:\/\/adm.senado.leg.br\/vcb\/vocab\/skos\/3945","https:\/\/adm.senado.leg.br\/vcb\/vocab\/skos\/7581","https:\/\/adm.senado.leg.br\/vcb\/vocab\/skos\/20900","https:\/\/adm.senado.leg.br\/vcb\/vocab\/skos\/25750","https:\/\/adm.senado.leg.br\/vcb\/vocab\/skos\/25751","https:\/\/adm.senado.leg.br\/vcb\/vocab\/skos\/12494","https:\/\/adm.senado.leg.br\/vcb\/vocab\/skos\/25752","https:\/\/adm.senado.leg.br\/vcb\/vocab\/skos\/25753","https:\/\/adm.senado.leg.br\/vcb\/vocab\/skos\/25754","https:\/\/adm.senado.leg.br\/vcb\/vocab\/skos\/25755","https:\/\/adm.senado.leg.br\/vcb\/vocab\/skos\/18864"],"skos:broader":["https:\/\/adm.senado.leg.br\/vcb\/vocab\/skos\/1102","https:\/\/adm.senado.leg.br\/vcb\/vocab\/skos\/10844"],"skos:related":["https:\/\/adm.senado.leg.br\/vcb\/vocab\/skos\/6920","https:\/\/adm.senado.leg.br\/vcb\/vocab\/skos\/10748","https:\/\/adm.senado.leg.br\/vcb\/vocab\/skos\/3528","https:\/\/adm.senado.leg.br\/vcb\/vocab\/skos\/6929","https:\/\/adm.senado.leg.br\/vcb\/vocab\/skos\/16010","https:\/\/adm.senado.leg.br\/vcb\/vocab\/skos\/1551","https:\/\/adm.senado.leg.br\/vcb\/vocab\/skos\/4165","https:\/\/adm.senado.leg.br\/vcb\/vocab\/skos\/4166","https:\/\/adm.senado.leg.br\/vcb\/vocab\/skos\/639","https:\/\/adm.senado.leg.br\/vcb\/vocab\/skos\/16011","https:\/\/adm.senado.leg.br\/vcb\/vocab\/skos\/25749","https:\/\/adm.senado.leg.br\/vcb\/vocab\/skos\/1553"]}