{"@context":{"dc":"http:\/\/purl.org\/dc\/elements\/1.1\/","skos":"http:\/\/www.w3.org\/2004\/02\/skos\/core#","skos:broader":{"@type":"@id"},"skos:inScheme":{"@type":"@id"},"skos:related":{"@type":"@id"},"skos:narrower":{"@type":"@id"},"skos:hasTopConcept":{"@type":"@id"},"skos:topConceptOf":{"@type":"@id"}},"@id":"https:\/\/adm.senado.leg.br\/vcb\/vocab\/skos\/1553","@type":"skos:Concept","skos:prefLabel":{"@language":"pt-BR","@value=":"Turista"},"skos:inScheme":"https:\/\/adm.senado.leg.br\/vcb\/vocab\/","dct:created":"2020-09-18 17:43:01","skos:definition":[{"@lang":"ab","@value":"\u00c9 aquele que se desloca para fora de seu local de resid\u00eancia permanente, por mais de 24 horas, realizando pernoite, por motivo outro que n\u00e3o o de fixar resid\u00eancia ou exercer atividade remunerada, realizando gastos de qualquer esp\u00e9cie com renda auferida fora do local visitado (EMBRATUR, 1992).$vBRASIL. Minist\u00e9rio do Turismo. Dados e fatos. "},{"@lang":"ab","@value":"Segundo Inskeep (1988), visitante tempor\u00e1rio que fica pelo menos 24 horas no local visitado e o prop\u00f3sito da sua visita pode ser classificado em: a) Lazer (ex.: recrea\u00e7\u00e3o, feriado, sa\u00fade, religi\u00e3o ou esporte); b) Neg\u00f3cios; c) Fam\u00edlia; d) Miss\u00e3o; e) Encontros.$vBRASIL. Minist\u00e9rio do Turismo. Dados e fatos. "}],"skos:narrower":["https:\/\/adm.senado.leg.br\/vcb\/vocab\/skos\/21534","https:\/\/adm.senado.leg.br\/vcb\/vocab\/skos\/25759"],"skos:broader":["https:\/\/adm.senado.leg.br\/vcb\/vocab\/skos\/14756"],"skos:related":["https:\/\/adm.senado.leg.br\/vcb\/vocab\/skos\/1549","https:\/\/adm.senado.leg.br\/vcb\/vocab\/skos\/3944","https:\/\/adm.senado.leg.br\/vcb\/vocab\/skos\/3945","https:\/\/adm.senado.leg.br\/vcb\/vocab\/skos\/16010","https:\/\/adm.senado.leg.br\/vcb\/vocab\/skos\/16224","https:\/\/adm.senado.leg.br\/vcb\/vocab\/skos\/13046","https:\/\/adm.senado.leg.br\/vcb\/vocab\/skos\/3946","https:\/\/adm.senado.leg.br\/vcb\/vocab\/skos\/16225","https:\/\/adm.senado.leg.br\/vcb\/vocab\/skos\/16011","https:\/\/adm.senado.leg.br\/vcb\/vocab\/skos\/1552","https:\/\/adm.senado.leg.br\/vcb\/vocab\/skos\/18864"]}