{"@context":{"dc":"http:\/\/purl.org\/dc\/elements\/1.1\/","skos":"http:\/\/www.w3.org\/2004\/02\/skos\/core#","skos:broader":{"@type":"@id"},"skos:inScheme":{"@type":"@id"},"skos:related":{"@type":"@id"},"skos:narrower":{"@type":"@id"},"skos:hasTopConcept":{"@type":"@id"},"skos:topConceptOf":{"@type":"@id"}},"@id":"https:\/\/adm.senado.leg.br\/vcb\/vocab\/skos\/15600","@type":"skos:Concept","skos:prefLabel":{"@language":"pt-BR","@value=":"Identidade de g\u00eanero"},"skos:inScheme":"https:\/\/adm.senado.leg.br\/vcb\/vocab\/","dct:created":"2020-09-18 17:45:29","skos:definition":[{"@lang":"ab","@value":"Conceito que uma pessoa tem de si mesma de ser macho e masculino ou f\u00eamea e feminino, ou ambivalente, baseado em parte em caracter\u00edsticas f\u00edsicas, respostas dos pais e press\u00f5es psicol\u00f3gicas e sociais. \u00c9 a experi\u00eancia interior do papel do g\u00eanero. G\u00eanero: identidade socialmente constru\u00edda de homem ou mulher.$vDeCS "}],"skos:narrower":["https:\/\/adm.senado.leg.br\/vcb\/vocab\/skos\/11280"],"skos:broader":["https:\/\/adm.senado.leg.br\/vcb\/vocab\/skos\/15606","https:\/\/adm.senado.leg.br\/vcb\/vocab\/skos\/7894"],"skos:altLabel":[{"language":"pt-BR","value":"G\u00eanero"},{"language":"pt-BR","value":"Identidade sexual"}],"skos:related":["https:\/\/adm.senado.leg.br\/vcb\/vocab\/skos\/2695","https:\/\/adm.senado.leg.br\/vcb\/vocab\/skos\/15603","https:\/\/adm.senado.leg.br\/vcb\/vocab\/skos\/14977","https:\/\/adm.senado.leg.br\/vcb\/vocab\/skos\/27855","https:\/\/adm.senado.leg.br\/vcb\/vocab\/skos\/15605","https:\/\/adm.senado.leg.br\/vcb\/vocab\/skos\/11954","https:\/\/adm.senado.leg.br\/vcb\/vocab\/skos\/15604"]}