{"@context":{"dc":"http:\/\/purl.org\/dc\/elements\/1.1\/","skos":"http:\/\/www.w3.org\/2004\/02\/skos\/core#","skos:broader":{"@type":"@id"},"skos:inScheme":{"@type":"@id"},"skos:related":{"@type":"@id"},"skos:narrower":{"@type":"@id"},"skos:hasTopConcept":{"@type":"@id"},"skos:topConceptOf":{"@type":"@id"}},"@id":"https:\/\/adm.senado.leg.br\/vcb\/vocab\/skos\/1561","@type":"skos:Concept","skos:prefLabel":{"@language":"pt-BR","@value=":"Avia\u00e7\u00e3o civil"},"skos:inScheme":"https:\/\/adm.senado.leg.br\/vcb\/vocab\/","dct:created":"2020-09-18 17:43:01","skos:definition":[{"@lang":"ab","@value":"A Avia\u00e7\u00e3o Civil constitui um conceito amplo, que abrange um conjunto de atividades. [...] [os tr\u00eas] principais sub-setores que comp\u00f5em a avia\u00e7\u00e3o civil, quais sejam: os servi\u00e7os de transporte a\u00e9reo, dom\u00e9stico e internacional; a infra-estrutura aeroportu\u00e1ria e o controle do tr\u00e1fego a\u00e9reo.$vPINTO, Victor Carvalho. O marco regulat\u00f3rio da avia\u00e7\u00e3o civil: elementos para a reforma do c\u00f3digo brasileiro de aeron\u00e1utica. Bras\u00edlia: Consultoria legislativa do Senado Federal, 2008. (Textos para discuss\u00e3o, 42 "}],"skos:narrower":["https:\/\/adm.senado.leg.br\/vcb\/vocab\/skos\/2740","https:\/\/adm.senado.leg.br\/vcb\/vocab\/skos\/4606","https:\/\/adm.senado.leg.br\/vcb\/vocab\/skos\/4607","https:\/\/adm.senado.leg.br\/vcb\/vocab\/skos\/4608","https:\/\/adm.senado.leg.br\/vcb\/vocab\/skos\/4609"],"skos:broader":["https:\/\/adm.senado.leg.br\/vcb\/vocab\/skos\/1442","https:\/\/adm.senado.leg.br\/vcb\/vocab\/skos\/1472"],"skos:altLabel":[{"language":"pt-BR","value":"Aeron\u00e1utica civil"},{"language":"pt-BR","value":"Aeron\u00e1utica comercial"},{"language":"pt-BR","value":"Avia\u00e7\u00e3o comercial"}],"skos:related":["https:\/\/adm.senado.leg.br\/vcb\/vocab\/skos\/1236","https:\/\/adm.senado.leg.br\/vcb\/vocab\/skos\/1443","https:\/\/adm.senado.leg.br\/vcb\/vocab\/skos\/1477","https:\/\/adm.senado.leg.br\/vcb\/vocab\/skos\/1465","https:\/\/adm.senado.leg.br\/vcb\/vocab\/skos\/1447","https:\/\/adm.senado.leg.br\/vcb\/vocab\/skos\/1493","https:\/\/adm.senado.leg.br\/vcb\/vocab\/skos\/4605","https:\/\/adm.senado.leg.br\/vcb\/vocab\/skos\/1471"]}