{"@context":{"dc":"http:\/\/purl.org\/dc\/elements\/1.1\/","skos":"http:\/\/www.w3.org\/2004\/02\/skos\/core#","skos:broader":{"@type":"@id"},"skos:inScheme":{"@type":"@id"},"skos:related":{"@type":"@id"},"skos:narrower":{"@type":"@id"},"skos:hasTopConcept":{"@type":"@id"},"skos:topConceptOf":{"@type":"@id"}},"@id":"https:\/\/adm.senado.leg.br\/vcb\/vocab\/skos\/15768","@type":"skos:Concept","skos:prefLabel":{"@language":"pt-BR","@value=":"Governan\u00e7a p\u00fablica"},"skos:inScheme":"https:\/\/adm.senado.leg.br\/vcb\/vocab\/","dct:created":"2020-09-18 17:45:32","skos:definition":[{"@lang":"ab","@value":"Pode ser entendida como o sistema que determina o equil\u00edbrio de poder entre os envolvidos - cidad\u00e3os, representantes eleitos (governantes), alta administra\u00e7\u00e3o, gestores e colaboradores - com vistas a permitir que o bem comum prevale\u00e7a sobre os interesses de pessoas ou grupos (MATIAS-PEREIRA, 2010, adaptado).$vBRASIL. Tribunal de Contas da Uni\u00e3o. Referencial b\u00e1sico de governan\u00e7a aplic\u00e1vel a \u00f3rg\u00e3os e entidades da administra\u00e7\u00e3o p\u00fablica. Vers\u00e3o 2. Bras\u00edlia: TCU, Secretaria de Planejamento, Governan\u00e7a e Gest\u00e3o, 2014 "}],"skos:broader":["https:\/\/adm.senado.leg.br\/vcb\/vocab\/skos\/1284"],"skos:related":["https:\/\/adm.senado.leg.br\/vcb\/vocab\/skos\/840","https:\/\/adm.senado.leg.br\/vcb\/vocab\/skos\/15767","https:\/\/adm.senado.leg.br\/vcb\/vocab\/skos\/8622"]}