{"@context":{"dc":"http:\/\/purl.org\/dc\/elements\/1.1\/","skos":"http:\/\/www.w3.org\/2004\/02\/skos\/core#","skos:broader":{"@type":"@id"},"skos:inScheme":{"@type":"@id"},"skos:related":{"@type":"@id"},"skos:narrower":{"@type":"@id"},"skos:hasTopConcept":{"@type":"@id"},"skos:topConceptOf":{"@type":"@id"}},"@id":"https:\/\/adm.senado.leg.br\/vcb\/vocab\/skos\/15919","@type":"skos:Concept","skos:prefLabel":{"@language":"pt-BR","@value=":"Golfo P\u00e9rsico, Guerra do, 1991"},"skos:inScheme":"https:\/\/adm.senado.leg.br\/vcb\/vocab\/","dct:created":"2020-09-18 17:45:35","dct:modified":"2022-10-18 10:38:51","skos:broader":["https:\/\/adm.senado.leg.br\/vcb\/vocab\/skos\/1490"],"skos:altLabel":[{"language":"pt-BR","value":"Guerra do Golfo P\u00e9rsico (1991)"},{"language":"pt-BR","value":"Guerra do Golfo, 1991"},{"language":"pt-BR","value":"Opera\u00e7\u00e3o Tempestade no deserto, 1991"},{"language":"pt-BR","value":"Tempestade no deserto, Opera\u00e7\u00e3o, 1991"}]}