{"@context":{"dc":"http:\/\/purl.org\/dc\/elements\/1.1\/","skos":"http:\/\/www.w3.org\/2004\/02\/skos\/core#","skos:broader":{"@type":"@id"},"skos:inScheme":{"@type":"@id"},"skos:related":{"@type":"@id"},"skos:narrower":{"@type":"@id"},"skos:hasTopConcept":{"@type":"@id"},"skos:topConceptOf":{"@type":"@id"}},"@id":"https:\/\/adm.senado.leg.br\/vcb\/vocab\/skos\/1624","@type":"skos:Concept","skos:prefLabel":{"@language":"pt-BR","@value=":"Poder executivo"},"skos:inScheme":"https:\/\/adm.senado.leg.br\/vcb\/vocab\/","dct:created":"2020-09-18 17:43:01","skos:definition":[{"@lang":"ab","@value":"Institui\u00e7\u00f5es pol\u00edticas encarregadas de governar, ou seja, de executar na pr\u00e1tica as tarefas concretas atribu\u00eddas ao Estado como, defesa nacional, servi\u00e7os de educa\u00e7\u00e3o, sa\u00fade, seguran\u00e7a p\u00fablica, cobran\u00e7a e arrecada\u00e7\u00e3o de impostos, entre outras. Nos pa\u00edses presidencialistas o Poder Executivo \u00e9 representado pelo Presidente da Rep\u00fablica. Nos pa\u00edses parlamentaristas muitas vezes n\u00e3o h\u00e1 uma distin\u00e7\u00e3o entre Poder Executivo e Poder Legislativo, uma vez que, o Primeiro-Ministro governa em conjunto com o Parlamento.$vJusBrasil "}],"skos:editorialNote":[{"@lang":"ab","@value":"341.251 "}],"skos:narrower":["https:\/\/adm.senado.leg.br\/vcb\/vocab\/skos\/6786","https:\/\/adm.senado.leg.br\/vcb\/vocab\/skos\/460","https:\/\/adm.senado.leg.br\/vcb\/vocab\/skos\/20645","https:\/\/adm.senado.leg.br\/vcb\/vocab\/skos\/22437","https:\/\/adm.senado.leg.br\/vcb\/vocab\/skos\/23561","https:\/\/adm.senado.leg.br\/vcb\/vocab\/skos\/15796","https:\/\/adm.senado.leg.br\/vcb\/vocab\/skos\/20433"],"skos:broader":["https:\/\/adm.senado.leg.br\/vcb\/vocab\/skos\/11446"],"skos:related":["https:\/\/adm.senado.leg.br\/vcb\/vocab\/skos\/1622","https:\/\/adm.senado.leg.br\/vcb\/vocab\/skos\/4117","https:\/\/adm.senado.leg.br\/vcb\/vocab\/skos\/299","https:\/\/adm.senado.leg.br\/vcb\/vocab\/skos\/1278","https:\/\/adm.senado.leg.br\/vcb\/vocab\/skos\/6787","https:\/\/adm.senado.leg.br\/vcb\/vocab\/skos\/4310","https:\/\/adm.senado.leg.br\/vcb\/vocab\/skos\/1201","https:\/\/adm.senado.leg.br\/vcb\/vocab\/skos\/14626","https:\/\/adm.senado.leg.br\/vcb\/vocab\/skos\/14627","https:\/\/adm.senado.leg.br\/vcb\/vocab\/skos\/1630","https:\/\/adm.senado.leg.br\/vcb\/vocab\/skos\/6999","https:\/\/adm.senado.leg.br\/vcb\/vocab\/skos\/19530","https:\/\/adm.senado.leg.br\/vcb\/vocab\/skos\/9483","https:\/\/adm.senado.leg.br\/vcb\/vocab\/skos\/20662","https:\/\/adm.senado.leg.br\/vcb\/vocab\/skos\/2842","https:\/\/adm.senado.leg.br\/vcb\/vocab\/skos\/1061","https:\/\/adm.senado.leg.br\/vcb\/vocab\/skos\/1625","https:\/\/adm.senado.leg.br\/vcb\/vocab\/skos\/1267","https:\/\/adm.senado.leg.br\/vcb\/vocab\/skos\/1632","https:\/\/adm.senado.leg.br\/vcb\/vocab\/skos\/22134","https:\/\/adm.senado.leg.br\/vcb\/vocab\/skos\/22135","https:\/\/adm.senado.leg.br\/vcb\/vocab\/skos\/3956","https:\/\/adm.senado.leg.br\/vcb\/vocab\/skos\/4425","https:\/\/adm.senado.leg.br\/vcb\/vocab\/skos\/20663"]}