{"@context":{"dc":"http:\/\/purl.org\/dc\/elements\/1.1\/","skos":"http:\/\/www.w3.org\/2004\/02\/skos\/core#","skos:broader":{"@type":"@id"},"skos:inScheme":{"@type":"@id"},"skos:related":{"@type":"@id"},"skos:narrower":{"@type":"@id"},"skos:hasTopConcept":{"@type":"@id"},"skos:topConceptOf":{"@type":"@id"}},"@id":"https:\/\/adm.senado.leg.br\/vcb\/vocab\/skos\/1626","@type":"skos:Concept","skos:prefLabel":{"@language":"pt-BR","@value=":"Voto"},"skos:inScheme":"https:\/\/adm.senado.leg.br\/vcb\/vocab\/","dct:created":"2020-09-18 17:43:01","skos:definition":[{"@lang":"ab","@value":"O voto caracteriza-se como exerc\u00edcio do sufr\u00e1gio, pois \u00e9 a exterioriza\u00e7\u00e3o do sufr\u00e1gio, ou seja, quando o eleitor se dirige \u00e0 se\u00e7\u00e3o eleitoral e exerce o ato de votar, materializado est\u00e1 o sufr\u00e1gio. Nesse sentido, o voto emerge como verdadeiro instrumento de legitima\u00e7\u00e3o para entrega do poder do povo aos seus representantes, tendo em vista que \u00e9 ato fundamental para concretiza\u00e7\u00e3o efetiva do princ\u00edpio democr\u00e1tico consagrado pela Constitui\u00e7\u00e3o Federal.$uhttps:\/\/www.tse.jus.br\/o-tse\/escola-judiciaria-eleitoral\/publicacoes\/revistas-da-eje\/artigos\/revista-eletronica-eje-n.-3-ano-3\/o-sufragio-e-o-voto-no-brasil-direito-ou-obrigacao "}],"skos:editorialNote":[{"@lang":"ab","@value":"341.282 "}],"skos:narrower":["https:\/\/adm.senado.leg.br\/vcb\/vocab\/skos\/26062","https:\/\/adm.senado.leg.br\/vcb\/vocab\/skos\/11892","https:\/\/adm.senado.leg.br\/vcb\/vocab\/skos\/24874","https:\/\/adm.senado.leg.br\/vcb\/vocab\/skos\/24628","https:\/\/adm.senado.leg.br\/vcb\/vocab\/skos\/23556","https:\/\/adm.senado.leg.br\/vcb\/vocab\/skos\/26064","https:\/\/adm.senado.leg.br\/vcb\/vocab\/skos\/26063","https:\/\/adm.senado.leg.br\/vcb\/vocab\/skos\/12784","https:\/\/adm.senado.leg.br\/vcb\/vocab\/skos\/251","https:\/\/adm.senado.leg.br\/vcb\/vocab\/skos\/26057","https:\/\/adm.senado.leg.br\/vcb\/vocab\/skos\/252","https:\/\/adm.senado.leg.br\/vcb\/vocab\/skos\/26065","https:\/\/adm.senado.leg.br\/vcb\/vocab\/skos\/26066","https:\/\/adm.senado.leg.br\/vcb\/vocab\/skos\/26067","https:\/\/adm.senado.leg.br\/vcb\/vocab\/skos\/253","https:\/\/adm.senado.leg.br\/vcb\/vocab\/skos\/26068","https:\/\/adm.senado.leg.br\/vcb\/vocab\/skos\/26069","https:\/\/adm.senado.leg.br\/vcb\/vocab\/skos\/26070","https:\/\/adm.senado.leg.br\/vcb\/vocab\/skos\/26071","https:\/\/adm.senado.leg.br\/vcb\/vocab\/skos\/7298","https:\/\/adm.senado.leg.br\/vcb\/vocab\/skos\/26073","https:\/\/adm.senado.leg.br\/vcb\/vocab\/skos\/26074"],"skos:broader":["https:\/\/adm.senado.leg.br\/vcb\/vocab\/skos\/2120"],"skos:altLabel":[{"language":"pt-BR","value":"Voto eleitoral"}],"skos:related":["https:\/\/adm.senado.leg.br\/vcb\/vocab\/skos\/1622","https:\/\/adm.senado.leg.br\/vcb\/vocab\/skos\/2117","https:\/\/adm.senado.leg.br\/vcb\/vocab\/skos\/6537","https:\/\/adm.senado.leg.br\/vcb\/vocab\/skos\/6894","https:\/\/adm.senado.leg.br\/vcb\/vocab\/skos\/2842","https:\/\/adm.senado.leg.br\/vcb\/vocab\/skos\/24624","https:\/\/adm.senado.leg.br\/vcb\/vocab\/skos\/18874","https:\/\/adm.senado.leg.br\/vcb\/vocab\/skos\/12799","https:\/\/adm.senado.leg.br\/vcb\/vocab\/skos\/250","https:\/\/adm.senado.leg.br\/vcb\/vocab\/skos\/26495","https:\/\/adm.senado.leg.br\/vcb\/vocab\/skos\/12785"]}