{"@context":{"dc":"http:\/\/purl.org\/dc\/elements\/1.1\/","skos":"http:\/\/www.w3.org\/2004\/02\/skos\/core#","skos:broader":{"@type":"@id"},"skos:inScheme":{"@type":"@id"},"skos:related":{"@type":"@id"},"skos:narrower":{"@type":"@id"},"skos:hasTopConcept":{"@type":"@id"},"skos:topConceptOf":{"@type":"@id"}},"@id":"https:\/\/adm.senado.leg.br\/vcb\/vocab\/skos\/1641","@type":"skos:Concept","skos:prefLabel":{"@language":"pt-BR","@value=":"Concession\u00e1ria"},"skos:inScheme":"https:\/\/adm.senado.leg.br\/vcb\/vocab\/","dct:created":"2020-09-18 17:43:01","skos:definition":[{"@lang":"ab","@value":"Pessoa jur\u00eddica de direito privado ou pessoa f\u00edsica n\u00e3o pertencente ao funcionalismo a quem a administra\u00e7\u00e3o p\u00fablica outorgou uma concess\u00e3o de servi\u00e7o p\u00fablico, de obra p\u00fablica ou de uso de bens p\u00fablicos.$vBRASIL. Superior Tribunal de Justi\u00e7a. Tesauro do STJ. "},{"@lang":"ab","@value":"Pessoa ou empresa a quem se confere a concess\u00e3o (SILVA, Pl\u00e1cido e, 23. ed., 2004). "}],"skos:editorialNote":[{"@lang":"ab","@value":"341.353 "}],"skos:broader":["https:\/\/adm.senado.leg.br\/vcb\/vocab\/skos\/1627"],"skos:altLabel":[{"language":"pt-BR","value":"Concession\u00e1ria de servi\u00e7os p\u00fablicos"},{"language":"pt-BR","value":"Concession\u00e1rio"},{"language":"pt-BR","value":"Empresa concession\u00e1ria"}],"skos:related":["https:\/\/adm.senado.leg.br\/vcb\/vocab\/skos\/4706","https:\/\/adm.senado.leg.br\/vcb\/vocab\/skos\/4997","https:\/\/adm.senado.leg.br\/vcb\/vocab\/skos\/8188","https:\/\/adm.senado.leg.br\/vcb\/vocab\/skos\/8190","https:\/\/adm.senado.leg.br\/vcb\/vocab\/skos\/1562","https:\/\/adm.senado.leg.br\/vcb\/vocab\/skos\/8217","https:\/\/adm.senado.leg.br\/vcb\/vocab\/skos\/8196","https:\/\/adm.senado.leg.br\/vcb\/vocab\/skos\/8160","https:\/\/adm.senado.leg.br\/vcb\/vocab\/skos\/8221","https:\/\/adm.senado.leg.br\/vcb\/vocab\/skos\/8205","https:\/\/adm.senado.leg.br\/vcb\/vocab\/skos\/8206"]}