{"@context":{"dc":"http:\/\/purl.org\/dc\/elements\/1.1\/","skos":"http:\/\/www.w3.org\/2004\/02\/skos\/core#","skos:broader":{"@type":"@id"},"skos:inScheme":{"@type":"@id"},"skos:related":{"@type":"@id"},"skos:narrower":{"@type":"@id"},"skos:hasTopConcept":{"@type":"@id"},"skos:topConceptOf":{"@type":"@id"}},"@id":"https:\/\/adm.senado.leg.br\/vcb\/vocab\/skos\/1646","@type":"skos:Concept","skos:prefLabel":{"@language":"pt-BR","@value=":"Milicianos"},"skos:inScheme":"https:\/\/adm.senado.leg.br\/vcb\/vocab\/","dct:created":"2020-09-18 17:43:01","skos:scopeNote":[{"@lang":"ab","@value":"Usado para obras que tratam das organiza\u00e7\u00f5es compostas por cidad\u00e3os comuns armados (apelidados de milicianos ou miliciantes) ou com poder de pol\u00edcia "}],"skos:definition":[{"@lang":"ab","@value":"No Rio de Janeiro, o termo \"mil\u00edcia\" foi associado a pr\u00e1ticas ilegais e geralmente s\u00e3o grupos formados em comunidades urbanas de baixa renda, como conjuntos habitacionais e favelas, sob a alega\u00e7\u00e3o de combater o narcotr\u00e1fico, mantendo-se com recursos financeiros provenientes de venda de prote\u00e7\u00e3o, de televis\u00e3o a cabo clandestina, de botij\u00e3o de g\u00e1s e de loteamentos invadidos.$vBN "}],"skos:editorialNote":[{"@lang":"ab","@value":"341.55712 "}],"skos:broader":["https:\/\/adm.senado.leg.br\/vcb\/vocab\/skos\/9719"],"skos:altLabel":[{"language":"pt-BR","value":"Mil\u00edcia (crime)"},{"language":"pt-BR","value":"Mil\u00edcia privada"},{"language":"pt-BR","value":"Miliciantes"},{"language":"pt-BR","value":"Mil\u00edcias (crime)"}],"skos:related":["https:\/\/adm.senado.leg.br\/vcb\/vocab\/skos\/1644","https:\/\/adm.senado.leg.br\/vcb\/vocab\/skos\/6772","https:\/\/adm.senado.leg.br\/vcb\/vocab\/skos\/9726","https:\/\/adm.senado.leg.br\/vcb\/vocab\/skos\/2601","https:\/\/adm.senado.leg.br\/vcb\/vocab\/skos\/9792"]}