{"@context":{"dc":"http:\/\/purl.org\/dc\/elements\/1.1\/","skos":"http:\/\/www.w3.org\/2004\/02\/skos\/core#","skos:broader":{"@type":"@id"},"skos:inScheme":{"@type":"@id"},"skos:related":{"@type":"@id"},"skos:narrower":{"@type":"@id"},"skos:hasTopConcept":{"@type":"@id"},"skos:topConceptOf":{"@type":"@id"}},"@id":"https:\/\/adm.senado.leg.br\/vcb\/vocab\/skos\/1652","@type":"skos:Concept","skos:prefLabel":{"@language":"pt-BR","@value=":"Agravo"},"skos:inScheme":"https:\/\/adm.senado.leg.br\/vcb\/vocab\/","dct:created":"2020-09-18 17:43:01","skos:definition":[{"@lang":"ab","@value":"Recurso cab\u00edvel contra despacho decis\u00f3rio do Presidente do Tribunal, de presidente de c\u00e2mara ou do relator, desfavor\u00e1vel \u00e0 parte, ou contra medida cautelar adotada com fundamento no art. 276 do Regimento Interno do TCU.$vBRASIL. Tribunal de Contas da Uni\u00e3o. Resolu\u00e7\u00e3o TCU N\u00ba 246, de 30 de novembro de 2011. , art. 289. "}],"skos:editorialNote":[{"@lang":"ab","@value":"341.4655 "}],"skos:narrower":["https:\/\/adm.senado.leg.br\/vcb\/vocab\/skos\/1655","https:\/\/adm.senado.leg.br\/vcb\/vocab\/skos\/1656","https:\/\/adm.senado.leg.br\/vcb\/vocab\/skos\/1657","https:\/\/adm.senado.leg.br\/vcb\/vocab\/skos\/1658"],"skos:broader":["https:\/\/adm.senado.leg.br\/vcb\/vocab\/skos\/542"],"skos:related":["https:\/\/adm.senado.leg.br\/vcb\/vocab\/skos\/1650","https:\/\/adm.senado.leg.br\/vcb\/vocab\/skos\/1653","https:\/\/adm.senado.leg.br\/vcb\/vocab\/skos\/1654","https:\/\/adm.senado.leg.br\/vcb\/vocab\/skos\/593"]}