{"@context":{"dc":"http:\/\/purl.org\/dc\/elements\/1.1\/","skos":"http:\/\/www.w3.org\/2004\/02\/skos\/core#","skos:broader":{"@type":"@id"},"skos:inScheme":{"@type":"@id"},"skos:related":{"@type":"@id"},"skos:narrower":{"@type":"@id"},"skos:hasTopConcept":{"@type":"@id"},"skos:topConceptOf":{"@type":"@id"}},"@id":"https:\/\/adm.senado.leg.br\/vcb\/vocab\/skos\/16631","@type":"skos:Concept","skos:prefLabel":{"@language":"pt-BR","@value=":"Sa\u00fade ind\u00edgena"},"skos:inScheme":"https:\/\/adm.senado.leg.br\/vcb\/vocab\/","dct:created":"2020-09-18 17:45:46","skos:definition":[{"@lang":"ab","@value":"A Sa\u00fade Ind\u00edgena possui uma abordagem diferenciada e global, contemplando os aspectos de assist\u00eancia \u00e0 sa\u00fade, saneamento b\u00e1sico, nutri\u00e7\u00e3o, habilita\u00e7\u00e3o, meio ambiente, demarca\u00e7\u00e3o de terras, educa\u00e7\u00e3o sanit\u00e1ria e integra\u00e7\u00e3o institucional.$vMinist\u00e9rio da Sa\u00fade. Gloss\u00e1rio do Minist\u00e9rio da Sa\u00fade "}],"skos:broader":["https:\/\/adm.senado.leg.br\/vcb\/vocab\/skos\/9186"],"skos:related":["https:\/\/adm.senado.leg.br\/vcb\/vocab\/skos\/3422","https:\/\/adm.senado.leg.br\/vcb\/vocab\/skos\/3587"]}