{"@context":{"dc":"http:\/\/purl.org\/dc\/elements\/1.1\/","skos":"http:\/\/www.w3.org\/2004\/02\/skos\/core#","skos:broader":{"@type":"@id"},"skos:inScheme":{"@type":"@id"},"skos:related":{"@type":"@id"},"skos:narrower":{"@type":"@id"},"skos:hasTopConcept":{"@type":"@id"},"skos:topConceptOf":{"@type":"@id"}},"@id":"https:\/\/adm.senado.leg.br\/vcb\/vocab\/skos\/16682","@type":"skos:Concept","skos:prefLabel":{"@language":"pt-BR","@value=":"\u00cdndios da fam\u00edlia lingu\u00edstica Portugu\u00eas"},"skos:inScheme":"https:\/\/adm.senado.leg.br\/vcb\/vocab\/","dct:created":"2020-09-18 17:45:46","skos:narrower":["https:\/\/adm.senado.leg.br\/vcb\/vocab\/skos\/16810","https:\/\/adm.senado.leg.br\/vcb\/vocab\/skos\/16831","https:\/\/adm.senado.leg.br\/vcb\/vocab\/skos\/16944","https:\/\/adm.senado.leg.br\/vcb\/vocab\/skos\/16950","https:\/\/adm.senado.leg.br\/vcb\/vocab\/skos\/17072","https:\/\/adm.senado.leg.br\/vcb\/vocab\/skos\/17084","https:\/\/adm.senado.leg.br\/vcb\/vocab\/skos\/17207","https:\/\/adm.senado.leg.br\/vcb\/vocab\/skos\/17209","https:\/\/adm.senado.leg.br\/vcb\/vocab\/skos\/17224","https:\/\/adm.senado.leg.br\/vcb\/vocab\/skos\/17299","https:\/\/adm.senado.leg.br\/vcb\/vocab\/skos\/17309","https:\/\/adm.senado.leg.br\/vcb\/vocab\/skos\/17314","https:\/\/adm.senado.leg.br\/vcb\/vocab\/skos\/17328","https:\/\/adm.senado.leg.br\/vcb\/vocab\/skos\/17332","https:\/\/adm.senado.leg.br\/vcb\/vocab\/skos\/17333","https:\/\/adm.senado.leg.br\/vcb\/vocab\/skos\/17340","https:\/\/adm.senado.leg.br\/vcb\/vocab\/skos\/17343","https:\/\/adm.senado.leg.br\/vcb\/vocab\/skos\/17344","https:\/\/adm.senado.leg.br\/vcb\/vocab\/skos\/17352","https:\/\/adm.senado.leg.br\/vcb\/vocab\/skos\/17357","https:\/\/adm.senado.leg.br\/vcb\/vocab\/skos\/17379"],"skos:broader":["https:\/\/adm.senado.leg.br\/vcb\/vocab\/skos\/3422"]}