{"@context":{"dc":"http:\/\/purl.org\/dc\/elements\/1.1\/","skos":"http:\/\/www.w3.org\/2004\/02\/skos\/core#","skos:broader":{"@type":"@id"},"skos:inScheme":{"@type":"@id"},"skos:related":{"@type":"@id"},"skos:narrower":{"@type":"@id"},"skos:hasTopConcept":{"@type":"@id"},"skos:topConceptOf":{"@type":"@id"}},"@id":"https:\/\/adm.senado.leg.br\/vcb\/vocab\/skos\/16692","@type":"skos:Concept","skos:prefLabel":{"@language":"pt-BR","@value=":"\u00cdndios da fam\u00edlia lingu\u00edstica Tukano"},"skos:inScheme":"https:\/\/adm.senado.leg.br\/vcb\/vocab\/","dct:created":"2020-09-18 17:45:46","skos:narrower":["https:\/\/adm.senado.leg.br\/vcb\/vocab\/skos\/16837","https:\/\/adm.senado.leg.br\/vcb\/vocab\/skos\/17012","https:\/\/adm.senado.leg.br\/vcb\/vocab\/skos\/17019","https:\/\/adm.senado.leg.br\/vcb\/vocab\/skos\/17168","https:\/\/adm.senado.leg.br\/vcb\/vocab\/skos\/17226","https:\/\/adm.senado.leg.br\/vcb\/vocab\/skos\/17247","https:\/\/adm.senado.leg.br\/vcb\/vocab\/skos\/17250","https:\/\/adm.senado.leg.br\/vcb\/vocab\/skos\/17259","https:\/\/adm.senado.leg.br\/vcb\/vocab\/skos\/17273","https:\/\/adm.senado.leg.br\/vcb\/vocab\/skos\/17307","https:\/\/adm.senado.leg.br\/vcb\/vocab\/skos\/17322","https:\/\/adm.senado.leg.br\/vcb\/vocab\/skos\/17347","https:\/\/adm.senado.leg.br\/vcb\/vocab\/skos\/17356"],"skos:broader":["https:\/\/adm.senado.leg.br\/vcb\/vocab\/skos\/3422"]}