{"@context":{"dc":"http:\/\/purl.org\/dc\/elements\/1.1\/","skos":"http:\/\/www.w3.org\/2004\/02\/skos\/core#","skos:broader":{"@type":"@id"},"skos:inScheme":{"@type":"@id"},"skos:related":{"@type":"@id"},"skos:narrower":{"@type":"@id"},"skos:hasTopConcept":{"@type":"@id"},"skos:topConceptOf":{"@type":"@id"}},"@id":"https:\/\/adm.senado.leg.br\/vcb\/vocab\/skos\/1676","@type":"skos:Concept","skos:prefLabel":{"@language":"pt-BR","@value=":"Comportamento afetivo"},"skos:inScheme":"https:\/\/adm.senado.leg.br\/vcb\/vocab\/","dct:created":"2020-09-18 17:43:01","skos:narrower":["https:\/\/adm.senado.leg.br\/vcb\/vocab\/skos\/1674","https:\/\/adm.senado.leg.br\/vcb\/vocab\/skos\/2269","https:\/\/adm.senado.leg.br\/vcb\/vocab\/skos\/2275","https:\/\/adm.senado.leg.br\/vcb\/vocab\/skos\/2580","https:\/\/adm.senado.leg.br\/vcb\/vocab\/skos\/7904","https:\/\/adm.senado.leg.br\/vcb\/vocab\/skos\/7905","https:\/\/adm.senado.leg.br\/vcb\/vocab\/skos\/7906","https:\/\/adm.senado.leg.br\/vcb\/vocab\/skos\/7907","https:\/\/adm.senado.leg.br\/vcb\/vocab\/skos\/7908"],"skos:broader":["https:\/\/adm.senado.leg.br\/vcb\/vocab\/skos\/1034"],"skos:altLabel":[{"language":"pt-BR","value":"Afetividade"},{"language":"pt-BR","value":"Emo\u00e7\u00f5es"},{"language":"pt-BR","value":"Paix\u00e3o"},{"language":"pt-BR","value":"Sentimentos"}],"skos:related":["https:\/\/adm.senado.leg.br\/vcb\/vocab\/skos\/27695","https:\/\/adm.senado.leg.br\/vcb\/vocab\/skos\/9","https:\/\/adm.senado.leg.br\/vcb\/vocab\/skos\/28587","https:\/\/adm.senado.leg.br\/vcb\/vocab\/skos\/6371","https:\/\/adm.senado.leg.br\/vcb\/vocab\/skos\/2270"]}