{"@context":{"dc":"http:\/\/purl.org\/dc\/elements\/1.1\/","skos":"http:\/\/www.w3.org\/2004\/02\/skos\/core#","skos:broader":{"@type":"@id"},"skos:inScheme":{"@type":"@id"},"skos:related":{"@type":"@id"},"skos:narrower":{"@type":"@id"},"skos:hasTopConcept":{"@type":"@id"},"skos:topConceptOf":{"@type":"@id"}},"@id":"https:\/\/adm.senado.leg.br\/vcb\/vocab\/skos\/1679","@type":"skos:Concept","skos:prefLabel":{"@language":"pt-BR","@value=":"Viol\u00eancia"},"skos:inScheme":"https:\/\/adm.senado.leg.br\/vcb\/vocab\/","dct:created":"2020-09-18 17:43:01","skos:definition":[{"@lang":"ab","@value":"Forma de solu\u00e7\u00e3o de conflito em que uma das partes litigantes \u00e9 submetida pela outra, por sujei\u00e7\u00e3o ou destrui\u00e7\u00e3o, mediante o emprego violento de meios de toda ordem.$vBRASIL. Minist\u00e9rio da Defesa. Gloss\u00e1rio das For\u00e7as Armadas. "}],"skos:editorialNote":[{"@lang":"ab","@value":"341.526 "}],"skos:narrower":["https:\/\/adm.senado.leg.br\/vcb\/vocab\/skos\/3533","https:\/\/adm.senado.leg.br\/vcb\/vocab\/skos\/20907","https:\/\/adm.senado.leg.br\/vcb\/vocab\/skos\/9681","https:\/\/adm.senado.leg.br\/vcb\/vocab\/skos\/11393","https:\/\/adm.senado.leg.br\/vcb\/vocab\/skos\/2225","https:\/\/adm.senado.leg.br\/vcb\/vocab\/skos\/9682","https:\/\/adm.senado.leg.br\/vcb\/vocab\/skos\/13546","https:\/\/adm.senado.leg.br\/vcb\/vocab\/skos\/11246","https:\/\/adm.senado.leg.br\/vcb\/vocab\/skos\/29584","https:\/\/adm.senado.leg.br\/vcb\/vocab\/skos\/22167","https:\/\/adm.senado.leg.br\/vcb\/vocab\/skos\/12087","https:\/\/adm.senado.leg.br\/vcb\/vocab\/skos\/7956","https:\/\/adm.senado.leg.br\/vcb\/vocab\/skos\/26013"],"skos:broader":["https:\/\/adm.senado.leg.br\/vcb\/vocab\/skos\/1914"],"skos:altLabel":[{"language":"pt-BR","value":"Viol\u00eancia declarada"}],"skos:related":["https:\/\/adm.senado.leg.br\/vcb\/vocab\/skos\/1677","https:\/\/adm.senado.leg.br\/vcb\/vocab\/skos\/88","https:\/\/adm.senado.leg.br\/vcb\/vocab\/skos\/9706","https:\/\/adm.senado.leg.br\/vcb\/vocab\/skos\/2681","https:\/\/adm.senado.leg.br\/vcb\/vocab\/skos\/1673","https:\/\/adm.senado.leg.br\/vcb\/vocab\/skos\/10980","https:\/\/adm.senado.leg.br\/vcb\/vocab\/skos\/2654","https:\/\/adm.senado.leg.br\/vcb\/vocab\/skos\/8431","https:\/\/adm.senado.leg.br\/vcb\/vocab\/skos\/762"]}