{"@context":{"dc":"http:\/\/purl.org\/dc\/elements\/1.1\/","skos":"http:\/\/www.w3.org\/2004\/02\/skos\/core#","skos:broader":{"@type":"@id"},"skos:inScheme":{"@type":"@id"},"skos:related":{"@type":"@id"},"skos:narrower":{"@type":"@id"},"skos:hasTopConcept":{"@type":"@id"},"skos:topConceptOf":{"@type":"@id"}},"@id":"https:\/\/adm.senado.leg.br\/vcb\/vocab\/skos\/17186","@type":"skos:Concept","skos:prefLabel":{"@language":"pt-BR","@value=":"\u00cdndios Gavi\u00e3o Akr\u00e3tikat\u00eaj\u00ea"},"skos:inScheme":"https:\/\/adm.senado.leg.br\/vcb\/vocab\/","dct:created":"2020-09-18 17:45:49","skos:broader":["https:\/\/adm.senado.leg.br\/vcb\/vocab\/skos\/16705","https:\/\/adm.senado.leg.br\/vcb\/vocab\/skos\/16658"],"skos:altLabel":[{"language":"pt-BR","value":"Gavi\u00e3o Akr\u00e3tikat\u00eaj\u00ea"},{"language":"pt-BR","value":"Gavi\u00f5es Akr\u00e3tikat\u00eaj\u00eas"},{"language":"pt-BR","value":"\u00cdndio Gavi\u00e3o Akr\u00e3tikat\u00eaj\u00ea"},{"language":"pt-BR","value":"\u00cdndios Akratikat\u00eaj\u00ea"},{"language":"pt-BR","value":"\u00cdndios Gavi\u00e3o da Montanha"},{"language":"pt-BR","value":"\u00cdndios Gavi\u00f5es Akr\u00e3tikat\u00eaj\u00eas"},{"language":"pt-BR","value":"\u00cdndios Gavi\u00f5es das Montanhas"}]}